{"id":619735,"date":"2025-12-24T10:21:32","date_gmt":"2025-12-24T10:21:32","guid":{"rendered":"https:\/\/www.europesays.com\/fr\/619735\/"},"modified":"2025-12-24T10:21:32","modified_gmt":"2025-12-24T10:21:32","slug":"on-voulait-aider-avec-nos-petits-moyens-des-patients-des-agapanthes-de-porspoder-ont-peint-le-goemonier-fleur-des-iles-pour-financer-sa-restauration","status":"publish","type":"post","link":"https:\/\/www.europesays.com\/fr\/619735\/","title":{"rendered":"\u00ab\u00a0On voulait aider avec nos petits moyens\u00a0\u00bb\u00a0: des patients des Agapanthes de Porspoder ont peint le go\u00e9monier Fleur des \u00celes pour financer sa restauration"},"content":{"rendered":"<p>L\u2019\u00e9comus\u00e9e des go\u00e9moniers Algae de Plouguerneau a re\u00e7u un cadeau de No\u00ebl inattendu, vendredi 19 d\u00e9cembre 2025.<\/p>\n<p>\u00ab\u00a0On voulait aider avec nos petits moyens et le projet a plu tout de suite\u00a0\u00bb, souligne Andr\u00e9e Oulhen, qui \u00ab\u00a0a consacr\u00e9 plusieurs heures par jour \u00e0 pr\u00e9parer les s\u00e9ances et les adapter en fonction des limites et des capacit\u00e9s de chacun\u00a0\u00bb, \u00e9paul\u00e9e par les ergoth\u00e9rapeutes et les encadrants de l\u2019\u00e9tablissement.<\/p>\n<p>Le r\u00e9sultat, bluffant, fait la fiert\u00e9 de l\u2019\u00e9quipe organisatrice mais surtout des usagers qui n\u2019avaient jamais peint et se sont parfois d\u00e9couvert une passion, comme Monique, qui \u00ab\u00a0attend les ateliers avec impatience car cela lui fait beaucoup de bien et est tr\u00e8s fi\u00e8re de montrer son travail \u00e0 sa famille\u00a0\u00bb. L\u2019association Karreg Hir et le mus\u00e9e, qui n\u2019\u00e9taient pas au courant de ce projet, se sont montr\u00e9s tr\u00e8s touch\u00e9s par ce \u00ab\u00a0cadeau de No\u00ebl\u00a0\u00bb avant l\u2019heure. Ils saluent \u00ab\u00a0surtout le travail d\u2019Andr\u00e9e Oulhen aupr\u00e8s de l\u2019accueil de jour\u00a0\u00bb.<\/p>\n<p>Le produit de la vente de ces tableaux au mus\u00e9e compl\u00e9tera celui de <a href=\"https:\/\/www.fondation-patrimoine.org\/les-projets\/bateau-goemonier-fleur-des-iles\/104013\" title=\"www.fondation-patrimoine.org\" target=\"_blank\" rel=\"noopener\">la cagnotte en ligne<\/a>, qui a presque atteint la moiti\u00e9 de la somme esp\u00e9r\u00e9e.<\/p>\n<p><b>Pratique<\/b><\/p>\n<p class=\"note\">Centre Algae, 377, Kor\u00e9jou \u00e0 Plouguerneau.<\/p>\n","protected":false},"excerpt":{"rendered":"L\u2019\u00e9comus\u00e9e des go\u00e9moniers Algae de Plouguerneau a re\u00e7u un cadeau de No\u00ebl inattendu, vendredi 19 d\u00e9cembre 2025. \u00ab\u00a0On&hellip;\n","protected":false},"author":2,"featured_media":619736,"comment_status":"","ping_status":"","sticky":false,"template":"","format":"standard","meta":{"footnotes":""},"categories":[1358],"tags":[3734,1348,1384,1385,3450,251,1386,58,59,1011,27,12174,277,6127,2551,1585,12173,72965,53944,3552,801,3400],"class_list":{"0":"post-619735","1":"post","2":"type-post","3":"status-publish","4":"format-standard","5":"has-post-thumbnail","7":"category-arts-et-design","8":"tag-art","9":"tag-arts","10":"tag-arts-and-design","11":"tag-arts-et-design","12":"tag-brest","13":"tag-culture","14":"tag-design","15":"tag-divertissement","16":"tag-entertainment","17":"tag-fr","18":"tag-france","19":"tag-lannilis","20":"tag-maladie-dalzheimer","21":"tag-mer","22":"tag-patrimoine","23":"tag-peinture","24":"tag-plouguerneau","25":"tag-ploumoguer","26":"tag-porspoder","27":"tag-seniors","28":"tag-social","29":"tag-solidarite"},"share_on_mastodon":{"url":"https:\/\/pubeurope.com\/@fr\/115774048338248427","error":""},"_links":{"self":[{"href":"https:\/\/www.europesays.com\/fr\/wp-json\/wp\/v2\/posts\/619735","targetHints":{"allow":["GET"]}}],"collection":[{"href":"https:\/\/www.europesays.com\/fr\/wp-json\/wp\/v2\/posts"}],"about":[{"href":"https:\/\/www.europesays.com\/fr\/wp-json\/wp\/v2\/types\/post"}],"author":[{"embeddable":true,"href":"https:\/\/www.europesays.com\/fr\/wp-json\/wp\/v2\/users\/2"}],"replies":[{"embeddable":true,"href":"https:\/\/www.europesays.com\/fr\/wp-json\/wp\/v2\/comments?post=619735"}],"version-history":[{"count":0,"href":"https:\/\/www.europesays.com\/fr\/wp-json\/wp\/v2\/posts\/619735\/revisions"}],"wp:featuredmedia":[{"embeddable":true,"href":"https:\/\/www.europesays.com\/fr\/wp-json\/wp\/v2\/media\/619736"}],"wp:attachment":[{"href":"https:\/\/www.europesays.com\/fr\/wp-json\/wp\/v2\/media?parent=619735"}],"wp:term":[{"taxonomy":"category","embeddable":true,"href":"https:\/\/www.europesays.com\/fr\/wp-json\/wp\/v2\/categories?post=619735"},{"taxonomy":"post_tag","embeddable":true,"href":"https:\/\/www.europesays.com\/fr\/wp-json\/wp\/v2\/tags?post=619735"}],"curies":[{"name":"wp","href":"https:\/\/api.w.org\/{rel}","templated":true}]}}