{"id":619737,"date":"2025-12-24T10:23:22","date_gmt":"2025-12-24T10:23:22","guid":{"rendered":"https:\/\/www.europesays.com\/fr\/619737\/"},"modified":"2025-12-24T10:23:22","modified_gmt":"2025-12-24T10:23:22","slug":"audiences-access-20h-seulement-2-000-telespectateurs-decart-entre-la-bataille-la-malediction-de-lile-sur-tfx-et-the-cerveau-sur-w9","status":"publish","type":"post","link":"https:\/\/www.europesays.com\/fr\/619737\/","title":{"rendered":"Audiences access 20h : Seulement 2.000 t\u00e9l\u00e9spectateurs d&rsquo;\u00e9cart entre \u00ab\u00a0La bataille : la mal\u00e9diction de l&rsquo;\u00eele\u00a0\u00bb sur TFX et \u00ab\u00a0The Cerveau\u00a0\u00bb sur W9"},"content":{"rendered":"<p>chevron_leftchevron_right<\/p>\n<p>La suite apr\u00e8s la publicit\u00e9<\/p>\n<p>Les JT<\/p>\n<p>Le \u00ab\u00a020 Heures\u00a0\u00bb de TF1 \u2013 <a href=\"https:\/\/www.ozap.com\/personnalite\/jean-baptiste-boursier_e193651\" target=\"_blank\" rel=\"noopener\">Jean-Baptiste Boursier <\/a>(19h58-20h40) :<strong> 5,04 millions (28,4%)<\/strong><br \/>Le \u00ab\u00a020 Heures\u00a0\u00bb de France 2 (19h58-20h31) \u2013 <a href=\"https:\/\/www.ozap.com\/personnalite\/jean-baptiste-marteau_e181063\" target=\"_blank\" rel=\"noopener\">Jean-Baptiste Marteau<\/a> :<strong> 3,92 millions (22,2%)<\/strong><br \/>\u00ab\u00a0Envoy\u00e9 Sp\u00e9cial\u00a0\u00bb (France 2 \/ 20h32-20h51) :<strong> \u00a03,58 millions (19,8%)<\/strong><br \/>\u00ab\u00a0Le 19.45\u00a0\u00bb de M6 (19h48-20h21) &#8211; <a href=\"https:\/\/www.ozap.com\/actu\/audiences-access-cyrielle-stadler-fait-senvoler-le-1945-de-m6-carton-pour-demain-nous-appartient-qui-explose-son-record-de-saison-sur-tf1\/650921\" target=\"_blank\" rel=\"noopener\">Cyrielle Stadler<\/a> :<strong> 2,36 millions (13,8%)<\/strong><\/p>\n<p>Sur TF1, le \u00ab\u00a020 Heures\u00a0\u00bb, pr\u00e9sent\u00e9 par Jean-Baptiste Boursier (joker de Gilles Bouleau) perd 500.000 fid\u00e8les sur une journ\u00e9e et s&rsquo;\u00e9loigne des 30% de PDA sur l&rsquo;ensemble du public (-0,9 point de PDA vs J-1).\u00a0<br \/>Sur France 2, Jean-Baptiste Marteau (joker de L\u00e9a Salam\u00e9) chute \u00e9galement et passe sous la barre symbolique des 4 millions de t\u00e9l\u00e9spectateurs (-0,6 point de PDA vs J-1).\u00a0<br \/>Sur M6, \u00ab\u00a0Le 19.45\u00a0\u00bb de Cyrielle Stadler (joker de Xavier de Moulins) perd aussi quelques plumes mais limite la casse avec une baisse de 0,3 point de PDA en 24 heures.\u00a0<br \/>\u00a0<\/p>\n<p>A lire aussi : <a href=\"https:\/\/www.ozap.com\/actu\/audiences-3-mois-apres-son-arrivee-aux-commandes-du-20-heures-de-france-2-lea-salame-a-t-elle-fait-mieux-que-anne-sophie-lapix\/652695\" target=\"_blank\" rel=\"noopener\"><strong>Audiences : 3 mois apr\u00e8s son arriv\u00e9e aux commandes du \u00ab\u00a020 Heures\u00a0\u00bb de France 2, L\u00e9a Salam\u00e9 a-t-elle fait mieux que Anne-Sophie Lapix ?<\/strong><\/a><\/p>\n<p><strong>Les talks<\/strong><\/p>\n<p>\u00ab\u00a028 minutes\u00a0\u00bb (Arte \/ 20h06-20h53) :<strong> 701.000 (3,9%)<\/strong><\/p>\n<p>Sur Arte, le troisi\u00e8me num\u00e9ro des \u00ab\u00a0Bilans de l&rsquo;ann\u00e9e 2025\u00a0\u00bb de \u00ab\u00a028 Minutes\u00a0\u00bb, pr\u00e9sent\u00e9 par Renaud D\u00e9ly, conserve ses fid\u00e8les.<\/p>\n<p>\u00c0 noter que sur TMC, le dernier quart d&rsquo;heure d&rsquo;un best-of de \u00ab\u00a0Quotidien\u00a0\u00bb, propos\u00e9 de 20h56 \u00e0 21h11, d\u00e9passe le million de fid\u00e8les : 1,03 million de t\u00e9l\u00e9spectateurs, 5,7% du public.<\/p>\n<p>\u00c0 lire aussi : <a href=\"https:\/\/www.ozap.com\/actu\/audiences-3-mois-apres-son-arrivee-sur-w9-cyril-hanouna-fait-il-aussi-bien-avec-tout-beau-tout-neuf-quavec-tpmp-sur-c8\/652699\" target=\"_blank\" rel=\"noopener\"><strong>Audiences : 3 mois apr\u00e8s son arriv\u00e9e sur W9, Cyril Hanouna fait-il aussi bien avec \u00ab\u00a0Tout beau, tout neuf\u00a0\u00bb qu&rsquo;avec \u00ab\u00a0TPMP\u00a0\u00bb sur C8 ?<\/strong><\/a><\/p>\n<p><strong>Les feuilletons<\/strong><\/p>\n<p>\u00ab\u00a0Un si grand soleil\u00a0\u00bb (France 3 \/ 20h45-21h08) : <strong>2,35 millions (13%)<\/strong><br \/>\u00ab\u00a0Sc\u00e8nes de m\u00e9nages\u00a0\u00bb (M6 \/ 20h42-21h00) :<strong> 2,38 millions (13,2%)<\/strong><br \/>\u00a0<br \/>30.000 t\u00e9l\u00e9spectateurs seulement s\u00e9paraient \u00ab\u00a0Un si grand soleil\u00a0\u00bb sur France 3 et \u00ab\u00a0Sc\u00e8nes de m\u00e9nages\u00a0\u00bb sur M6 hier soir. Pendant les f\u00eates, les deux feuilletons font le plein.<br \/>\u00a0<\/p>\n<p><strong>Les magazines de sport<\/strong><\/p>\n<p>\u00ab\u00a0Tout le sport\u00a0\u00bb (France 3 \/ 19h59-20h07) :<strong> 701.000 (4,1%)<\/strong><br \/>\u00ab\u00a0Wheeler Dealers France\u00a0\u00bb (RMC D\u00e9couverte \/ 20h06-21h06) :<strong> 278.000 (1,6%)<\/strong><br \/>\u00a0<\/p>\n<p><strong>L&rsquo;\u00e9mission de t\u00e9l\u00e9-r\u00e9alit\u00e9<\/strong><\/p>\n<p>\u00ab\u00a0The Cerveau\u00a0\u00bb (W9 \/ 20h05-20h56) :<strong> 269.000 (1,5%)<\/strong><br \/>\u00ab\u00a0La bataille : la mal\u00e9diction de l&rsquo;\u00eele\u00a0\u00bb (TFX \/ 20h05-20h57) :<strong> 267.000 (1,5%)<\/strong><\/p>\n<p>\u00c9galit\u00e9 quasi-parfaite entre les deux \u00e9missions de t\u00e9l\u00e9-r\u00e9alit\u00e9 sur l&rsquo;ensemble du public. Mais \u00ab\u00a0La bataille\u00a0\u00bb plie le match sur les fameuses femmes responsables des achats de moins de cinquante ans avec 5,6% de PDA pour TFX contre 3,2% pour W9.<\/p>\n<p>Chiffres M\u00e9diam\u00e9trie.<\/p>\n","protected":false},"excerpt":{"rendered":"chevron_leftchevron_right La suite apr\u00e8s la publicit\u00e9 Les JT Le \u00ab\u00a020 Heures\u00a0\u00bb de TF1 \u2013 Jean-Baptiste Boursier (19h58-20h40) :&hellip;\n","protected":false},"author":2,"featured_media":619738,"comment_status":"","ping_status":"","sticky":false,"template":"","format":"standard","meta":{"footnotes":""},"categories":[1356],"tags":[58,59,1011,27,252,1364],"class_list":{"0":"post-619737","1":"post","2":"type-post","3":"status-publish","4":"format-standard","5":"has-post-thumbnail","7":"category-television","8":"tag-divertissement","9":"tag-entertainment","10":"tag-fr","11":"tag-france","12":"tag-television","13":"tag-tv"},"share_on_mastodon":{"url":"https:\/\/pubeurope.com\/@fr\/115774056219719942","error":""},"_links":{"self":[{"href":"https:\/\/www.europesays.com\/fr\/wp-json\/wp\/v2\/posts\/619737","targetHints":{"allow":["GET"]}}],"collection":[{"href":"https:\/\/www.europesays.com\/fr\/wp-json\/wp\/v2\/posts"}],"about":[{"href":"https:\/\/www.europesays.com\/fr\/wp-json\/wp\/v2\/types\/post"}],"author":[{"embeddable":true,"href":"https:\/\/www.europesays.com\/fr\/wp-json\/wp\/v2\/users\/2"}],"replies":[{"embeddable":true,"href":"https:\/\/www.europesays.com\/fr\/wp-json\/wp\/v2\/comments?post=619737"}],"version-history":[{"count":0,"href":"https:\/\/www.europesays.com\/fr\/wp-json\/wp\/v2\/posts\/619737\/revisions"}],"wp:featuredmedia":[{"embeddable":true,"href":"https:\/\/www.europesays.com\/fr\/wp-json\/wp\/v2\/media\/619738"}],"wp:attachment":[{"href":"https:\/\/www.europesays.com\/fr\/wp-json\/wp\/v2\/media?parent=619737"}],"wp:term":[{"taxonomy":"category","embeddable":true,"href":"https:\/\/www.europesays.com\/fr\/wp-json\/wp\/v2\/categories?post=619737"},{"taxonomy":"post_tag","embeddable":true,"href":"https:\/\/www.europesays.com\/fr\/wp-json\/wp\/v2\/tags?post=619737"}],"curies":[{"name":"wp","href":"https:\/\/api.w.org\/{rel}","templated":true}]}}