{"id":619739,"date":"2025-12-24T10:25:25","date_gmt":"2025-12-24T10:25:25","guid":{"rendered":"https:\/\/www.europesays.com\/fr\/619739\/"},"modified":"2025-12-24T10:25:25","modified_gmt":"2025-12-24T10:25:25","slug":"apres-ses-cinq-concerts-complets-gims-reviendra-a-paris-la-defense-arena-dans-un-an","status":"publish","type":"post","link":"https:\/\/www.europesays.com\/fr\/619739\/","title":{"rendered":"Apr\u00e8s ses cinq concerts complets, Gims reviendra \u00e0 Paris La D\u00e9fense Arena dans un an"},"content":{"rendered":"<p>\n    Le rappeur et chanteur congolais foulera de nouveau la sc\u00e8ne nanterroise les 16 et 17 d\u00e9cembre 2026 apr\u00e8s ses cinq prestations ayant rassembl\u00e9 plus de 200.000 spectateurs le week-end dernier.<\/p>\n<p class=\"fig-paragraph\"><a href=\"http:\/\/www.lefigaro.fr\/musique\/avec-gims-et-orelsan-le-rap-prendra-d-assaut-les-francofolies-de-la-rochelle-2026-20251018\" data-fig-type=\"Article\" data-gtm-custom-categorie=\"navigation\" data-gtm-custom-action=\"crossclick\" data-gtm-custom-label=\"Contextuel\" data-gtm-event=\"customEventSPE\" data-fig-domain=\"LEFIGARO\" target=\"_blank\" rel=\"noopener\">Gims<\/a>\u00a0ne pouvait pas s\u2019arr\u00eater en si bon chemin. Apr\u00e8s avoir vendu plus de 200.000 billets pour\u00a0<a href=\"http:\/\/www.lefigaro.fr\/musique\/gims-federe-toutes-les-generations-a-paris-la-defense-arena-20251220\" data-fig-type=\"NewsFlash\" data-gtm-custom-categorie=\"navigation\" data-gtm-custom-action=\"crossclick\" data-gtm-custom-label=\"Contextuel\" data-gtm-event=\"customEventSPE\" data-fig-domain=\"LEFIGARO\" target=\"_blank\" rel=\"noopener\">ses cinq concerts \u00e0 Paris La D\u00e9fense Arena<\/a>\u00a0entre vendredi 19 et lundi 22 d\u00e9cembre, le rappeur et chanteur congolais a annonc\u00e9 qu\u2019il reviendrait dans la m\u00eame salle pour deux concerts \u00e9v\u00e9nements, les 16 et 17 d\u00e9cembre 2026. L\u2019information a \u00e9t\u00e9 donn\u00e9e samedi 20 d\u00e9cembre dans la matin\u00e9e sur les r\u00e9seaux sociaux de l\u2019enceinte francilienne, avant d\u2019\u00eatre confirm\u00e9e, en direct, \u00e0 la fin du dernier concert de l\u2019artiste, lundi soir, devant les cris de joie des 40.000 spectateurs.<\/p>\n<p class=\"fig-paragraph\">Ces deux nouveaux concerts \u00e0 Paris La D\u00e9fense s\u2019inscriront dans le cadre d\u2019une nouvelle tourn\u00e9e du rappeur baptis\u00e9e l\u2019Infernal Tour. Elle fait\u00a0<a href=\"http:\/\/www.lefigaro.fr\/musique\/gims-clot-sa-tournee-avec-cinq-concerts-geants-a-paris-la-defense-arena-20251218\" data-fig-type=\"NewsFlash\" data-gtm-custom-categorie=\"navigation\" data-gtm-custom-action=\"crossclick\" data-gtm-custom-label=\"Contextuel\" data-gtm-event=\"customEventSPE\" data-fig-domain=\"LEFIGARO\" target=\"_blank\" rel=\"noopener\">suite au Last Winter Tour de 2025<\/a>, au cours duquel Gims a arpent\u00e9 toutes les salles, sc\u00e8nes de festivals et bo\u00eetes de nuit de l\u2019Hexagone. Paris La D\u00e9fense Arena a d\u00e9j\u00e0 mis en vente les billets pour les 16 et 17 d\u00e9cembre sur son site avec des places propos\u00e9es \u00e0 partir de 70 euros.<\/p>\n<p>                                            <a class=\"fig-a11y-skip\" href=\"#fig-a11y-skip-main-inarticle\" data-module=\"a11y-skip\" data-context=\"was @visible\"><br \/>\n    Passer la publicit\u00e9<br \/>\n<\/a>            <\/p>\n<p class=\"fig-paragraph\"><strong>Gims et La Mano 1.9 &#8211; Parisienne\u00a0(2025)<\/strong><\/p>\n<p>                                            Vers un record de concerts \u00e0 Paris La D\u00e9fense Arena\u00a0?<\/p>\n<p class=\"fig-paragraph\">La question se pose de savoir si ces deux nouvelles dates seront les seules donn\u00e9es par Gims en terres nanterroises. L\u2019an pass\u00e9, au moment de l\u2019ouverture de la billetterie pour les deux premiers concerts ayant eu lieu le week-end dernier, les places se sont \u00e9coul\u00e9es comme des petits pains. \u00ab\u00a0Nous avions pr\u00e9vu deux dates, mais compte tenu de l\u2019engouement, nous en avons programm\u00e9 une troisi\u00e8me, puis une quatri\u00e8me et m\u00eame une cinqui\u00e8me \u00e0 14 heures\u00a0\u00bb, nous d\u00e9taillait\u00a0<a href=\"https:\/\/www.lefigaro.fr\/musique\/bathilde-lorenzetti-la-reine-de-l-arene-20230619\" target=\"_blank\" data-fig-type=\"Article\" rel=\"noopener\" data-gtm-custom-categorie=\"navigation\" data-gtm-custom-action=\"crossclick\" data-gtm-custom-label=\"Contextuel\" data-gtm-event=\"customEventSPE\" data-fig-domain=\"LEFIGARO\">Bathilde Lorenzetti<\/a>, vice-pr\u00e9sidente de Paris La D\u00e9fense Arena, il y a quelques jours.<\/p>\n<p class=\"fig-body-link\">\n            \u00c0 lire aussi<br \/>\n        <a class=\"fig-body-link__link\" href=\"http:\/\/www.lefigaro.fr\/musique\/le-golden-coast-festival-nouvel-eldorado-du-rap-francais-20250907\" target=\"_blank\" data-fig-type=\"NewsFlash\" rel=\"noopener\" data-gtm-custom-categorie=\"navigation\" data-gtm-custom-action=\"crossclick\" data-gtm-custom-label=\"Contextuel\" data-gtm-event=\"customEventSPE\" data-fig-domain=\"LEFIGARO\"><\/p>\n<p>        Le Golden Coast Festival, nouvel eldorado du rap fran\u00e7ais<br \/>\n    <\/a>\n<\/p>\n<p class=\"fig-paragraph\">Et le ph\u00e9nom\u00e8ne risque de se r\u00e9p\u00e9ter. Apr\u00e8s avoir r\u00e9alis\u00e9 l\u2019exploit de donner cinq concerts en quatre jours dans l\u2019enceinte francilienne, Gims esp\u00e8re s\u00fbrement battre un autre record toujours d\u00e9tenu par\u00a0<a href=\"http:\/\/www.lefigaro.fr\/cinema\/mylene-farmer-met-en-garde-contre-un-monde-domine-par-les-ia-20250916\" data-fig-type=\"Article\" data-gtm-custom-categorie=\"navigation\" data-gtm-custom-action=\"crossclick\" data-gtm-custom-label=\"Contextuel\" data-gtm-event=\"customEventSPE\" data-fig-domain=\"LEFIGARO\" target=\"_blank\" rel=\"noopener\">Myl\u00e8ne Farmer<\/a>. En juin 2019, la chanteuse s\u2019est produite \u00e0 neuf reprises sur cette sc\u00e8ne, la plus grande d\u2019Europe, rassemblant 243\u00a0000 spectateurs, soit 27\u00a0000 par soir.<\/p>\n<p class=\"fig-paragraph\">Pour ce faire, l\u2019artiste congolais devra r\u00e9aliser une ann\u00e9e aussi parfaite que celle de 2025, o\u00f9 il a domin\u00e9 presque tous<a href=\"http:\/\/www.lefigaro.fr\/musique\/bad-bunny-lady-gaga-et-taylor-swift-parmi-les-artistes-les-plus-ecoutes-sur-les-plateformes-en-2025-20251204\" data-fig-type=\"Article\" data-gtm-custom-categorie=\"navigation\" data-gtm-custom-action=\"crossclick\" data-gtm-custom-label=\"Contextuel\" data-gtm-event=\"customEventSPE\" data-fig-domain=\"LEFIGARO\" target=\"_blank\" rel=\"noopener\">\u00a0les classements musicaux<\/a>. La r\u00e9\u00e9dition de son disque Le Nord se souvient a occup\u00e9 pendant 18 semaines le sommet du top album,\u00a0<a href=\"http:\/\/www.lefigaro.fr\/musique\/gims-en-passe-de-battre-un-record-de-johnny-hallyday-20250820\" data-fig-type=\"NewsFlash\" data-gtm-custom-categorie=\"navigation\" data-gtm-custom-action=\"crossclick\" data-gtm-custom-label=\"Contextuel\" data-gtm-event=\"customEventSPE\" data-fig-domain=\"LEFIGARO\" target=\"_blank\" rel=\"noopener\">battant un record de Johnny Hallyday<\/a>. Et ses titres Ciel et Ninao ont termin\u00e9 respectivement \u00e0 la premi\u00e8re et deuxi\u00e8me places des classements de vente sur Deezer et Spotify.<\/p>\n","protected":false},"excerpt":{"rendered":"Le rappeur et chanteur congolais foulera de nouveau la sc\u00e8ne nanterroise les 16 et 17 d\u00e9cembre 2026 apr\u00e8s&hellip;\n","protected":false},"author":2,"featured_media":619740,"comment_status":"","ping_status":"","sticky":false,"template":"","format":"standard","meta":{"footnotes":""},"categories":[1355],"tags":[1697,58,59,1011,27,13444,1877,1361,873],"class_list":{"0":"post-619739","1":"post","2":"type-post","3":"status-publish","4":"format-standard","5":"has-post-thumbnail","7":"category-musique","8":"tag-concert","9":"tag-divertissement","10":"tag-entertainment","11":"tag-fr","12":"tag-france","13":"tag-gims","14":"tag-la-defense","15":"tag-music","16":"tag-musique"},"share_on_mastodon":{"url":"https:\/\/pubeurope.com\/@fr\/115774064133811807","error":""},"_links":{"self":[{"href":"https:\/\/www.europesays.com\/fr\/wp-json\/wp\/v2\/posts\/619739","targetHints":{"allow":["GET"]}}],"collection":[{"href":"https:\/\/www.europesays.com\/fr\/wp-json\/wp\/v2\/posts"}],"about":[{"href":"https:\/\/www.europesays.com\/fr\/wp-json\/wp\/v2\/types\/post"}],"author":[{"embeddable":true,"href":"https:\/\/www.europesays.com\/fr\/wp-json\/wp\/v2\/users\/2"}],"replies":[{"embeddable":true,"href":"https:\/\/www.europesays.com\/fr\/wp-json\/wp\/v2\/comments?post=619739"}],"version-history":[{"count":0,"href":"https:\/\/www.europesays.com\/fr\/wp-json\/wp\/v2\/posts\/619739\/revisions"}],"wp:featuredmedia":[{"embeddable":true,"href":"https:\/\/www.europesays.com\/fr\/wp-json\/wp\/v2\/media\/619740"}],"wp:attachment":[{"href":"https:\/\/www.europesays.com\/fr\/wp-json\/wp\/v2\/media?parent=619739"}],"wp:term":[{"taxonomy":"category","embeddable":true,"href":"https:\/\/www.europesays.com\/fr\/wp-json\/wp\/v2\/categories?post=619739"},{"taxonomy":"post_tag","embeddable":true,"href":"https:\/\/www.europesays.com\/fr\/wp-json\/wp\/v2\/tags?post=619739"}],"curies":[{"name":"wp","href":"https:\/\/api.w.org\/{rel}","templated":true}]}}