{"id":619743,"date":"2025-12-24T10:28:16","date_gmt":"2025-12-24T10:28:16","guid":{"rendered":"https:\/\/www.europesays.com\/fr\/619743\/"},"modified":"2025-12-24T10:28:16","modified_gmt":"2025-12-24T10:28:16","slug":"les-tatouages-augmentent-ils-le-risque-de-cancer-de-la-peau","status":"publish","type":"post","link":"https:\/\/www.europesays.com\/fr\/619743\/","title":{"rendered":"Les tatouages augmentent-ils le risque de cancer de la peau ?"},"content":{"rendered":"<p>    Les cinq derniers mois ont vu para\u00eetre pas moins de trois \u00e9tudes \u00e9pid\u00e9miologiques analysant le risque de m\u00e9lanome chez les personnes tatou\u00e9es.<br \/>\n                moodboard \/ stock.adobe.com<\/p>\n<p>\n    Alors que la fr\u00e9quence des m\u00e9lanomes a augment\u00e9 ces 40 derni\u00e8res ann\u00e9es, tout comme la d\u00e9mocratisation des tatouages, les \u00e9tudes scientifiques se multiplient pour investiguer un possible lien de cause \u00e0 effet.<\/p>\n<p class=\"fig-paragraph\">Une fleur orn\u00e9e d\u2019un pr\u00e9nom, un animal totem, un symbole graphique\u2026 Qu\u2019ils c\u00e9l\u00e8brent un \u00e9v\u00e9nement de la vie ou affirment l\u2019identit\u00e9 de celui qui les porte,\u00a0<a href=\"http:\/\/www.lefigaro.fr\/sciences\/j-ai-besoin-d-inscrire-les-symboles-dans-ma-peau-quand-le-tatouage-se-fait-therapeutique-20231010\" data-fig-type=\"Article\" data-gtm-custom-categorie=\"navigation\" data-gtm-custom-action=\"crossclick\" data-gtm-custom-label=\"Contextuel\" data-gtm-event=\"customEventSPE\" data-fig-domain=\"LEFIGARO\" target=\"_blank\" rel=\"noopener\">les tatouages<\/a>\u00a0s\u00e9duisent d\u00e9sormais pr\u00e8s d\u2019un Fran\u00e7ais sur cinq, une proportion qui pourrait m\u00eame doubler dans certains pays d\u00e9velopp\u00e9s. Avec un premier tatouage r\u00e9alis\u00e9 g\u00e9n\u00e9ralement t\u00f4t dans la vie, et des encres int\u00e9grant souvent des substances carcinog\u00e8nes ou soup\u00e7onn\u00e9es de l\u2019\u00eatre, les interrogations sur l\u2019innocuit\u00e9 \u00e0 long terme de cet ornement sont l\u00e9gitimes, notamment concernant le risque de cancer.<\/p>\n<p class=\"fig-paragraph\">Le sujet pr\u00e9occupe visiblement la communaut\u00e9 m\u00e9dicale, puisque les cinq derniers mois ont vu para\u00eetre pas moins de trois \u00e9tudes \u00e9pid\u00e9miologiques analysant le risque de m\u00e9lanome chez les personnes tatou\u00e9es. La fr\u00e9quence de ces\u00a0<a href=\"http:\/\/sante.lefigaro.fr\/social\/sante-publique\/pourquoi-les-cas-de-cancer-de-la-peau-ont-triple-en-france-en-30-ans-20250604\" data-fig-type=\"Article\" data-gtm-custom-categorie=\"navigation\" data-gtm-custom-action=\"crossclick\" data-gtm-custom-label=\"Contextuel\" data-gtm-event=\"customEventSPE\" data-fig-domain=\"SANTE\" target=\"_blank\" rel=\"noopener\">cancers de la peau a en effet augment\u00e9 ces 40 derni\u00e8res ann\u00e9e<\/a>s &#8211; soit la m\u00eame p\u00e9riode que celle qui a vu les tatouages se d\u00e9mocratiser. Les incertitudes entourant la toxicit\u00e9 des encres de tatouage ont d\u2019ailleurs conduit\u2026<\/p>\n<p class=\"fig-premium-paywall__infos\">\n        Cet article est r\u00e9serv\u00e9 aux abonn\u00e9s.        Il vous reste 83% \u00e0 d\u00e9couvrir.\n    <\/p>\n<p>                <img  data- alt=\"Le Figaro\" class=\"fig-img--complete fig-img\"\/><\/p>\n<p class=\"fig-premium-paywall__title\">Vous avez envie de lire la suite ?<\/p>\n<p class=\"fig-premium-paywall__subtitle\">D\u00e9bloquez tous les articles imm\u00e9diatement.<\/p>\n<p class=\"fig-premium-paywall__connect\">\n                D\u00e9j\u00e0 abonn\u00e9\u00a0?                <a class=\"fig-premium-paywall__connect-link\" href=\"https:\/\/connect.lefigaro.fr\/login?client=sante_web&amp;type=main&amp;redirect_uri=https%3A%2F%2Fsante.lefigaro.fr%2Fmedecine%2Fles-tatouages-augmentent-ils-le-risque-de-cancer-de-la-peau-20251224\" data-js-gtm=\"{&quot;customCategorie&quot;: &quot;conversion&quot;, &quot;customAction&quot;: &quot;before_Landing_Connexion_paywall_auto&quot;, &quot;customLabel&quot;: &quot;c2FudGUubGVmaWdhcm8uZnJfXzFmMGRjZDg3LTgxZGItNjhmMC05OGRiLWNiMTMzMTY4MTY5N19fQXJ0aWNsZQ==_Les tatouages augmentent-ils le risque de cancer de la peau\u00a0?_439&quot;, &quot;customIDSPE&quot;: &quot;c2FudGUubGVmaWdhcm8uZnJfXzFmMGRjZDg3LTgxZGItNjhmMC05OGRiLWNiMTMzMTY4MTY5N19fQXJ0aWNsZQ==&quot;, &quot;event&quot;: &quot;customEventSPE&quot;}\" target=\"_blank\" rel=\"noopener\"><br \/>\n                    Connectez-vous<br \/>\n                <\/a>\n            <\/p>\n","protected":false},"excerpt":{"rendered":"Les cinq derniers mois ont vu para\u00eetre pas moins de trois \u00e9tudes \u00e9pid\u00e9miologiques analysant le risque de m\u00e9lanome&hellip;\n","protected":false},"author":2,"featured_media":619744,"comment_status":"","ping_status":"","sticky":false,"template":"","format":"standard","meta":{"footnotes":""},"categories":[10],"tags":[39473,1011,27,72,71,3735],"class_list":{"0":"post-619743","1":"post","2":"type-post","3":"status-publish","4":"format-standard","5":"has-post-thumbnail","7":"category-sante","8":"tag-depistage-du-cancer-de-la-peau","9":"tag-fr","10":"tag-france","11":"tag-health","12":"tag-sante","13":"tag-tatouage"},"share_on_mastodon":{"url":"https:\/\/pubeurope.com\/@fr\/115774076039977102","error":""},"_links":{"self":[{"href":"https:\/\/www.europesays.com\/fr\/wp-json\/wp\/v2\/posts\/619743","targetHints":{"allow":["GET"]}}],"collection":[{"href":"https:\/\/www.europesays.com\/fr\/wp-json\/wp\/v2\/posts"}],"about":[{"href":"https:\/\/www.europesays.com\/fr\/wp-json\/wp\/v2\/types\/post"}],"author":[{"embeddable":true,"href":"https:\/\/www.europesays.com\/fr\/wp-json\/wp\/v2\/users\/2"}],"replies":[{"embeddable":true,"href":"https:\/\/www.europesays.com\/fr\/wp-json\/wp\/v2\/comments?post=619743"}],"version-history":[{"count":0,"href":"https:\/\/www.europesays.com\/fr\/wp-json\/wp\/v2\/posts\/619743\/revisions"}],"wp:featuredmedia":[{"embeddable":true,"href":"https:\/\/www.europesays.com\/fr\/wp-json\/wp\/v2\/media\/619744"}],"wp:attachment":[{"href":"https:\/\/www.europesays.com\/fr\/wp-json\/wp\/v2\/media?parent=619743"}],"wp:term":[{"taxonomy":"category","embeddable":true,"href":"https:\/\/www.europesays.com\/fr\/wp-json\/wp\/v2\/categories?post=619743"},{"taxonomy":"post_tag","embeddable":true,"href":"https:\/\/www.europesays.com\/fr\/wp-json\/wp\/v2\/tags?post=619743"}],"curies":[{"name":"wp","href":"https:\/\/api.w.org\/{rel}","templated":true}]}}