{"id":619749,"date":"2025-12-24T10:32:15","date_gmt":"2025-12-24T10:32:15","guid":{"rendered":"https:\/\/www.europesays.com\/fr\/619749\/"},"modified":"2025-12-24T10:32:15","modified_gmt":"2025-12-24T10:32:15","slug":"call-of-duty-arrive-sur-switch-2-gros-leak-sur-la-date-de-sortie-et-le-portage","status":"publish","type":"post","link":"https:\/\/www.europesays.com\/fr\/619749\/","title":{"rendered":"Call of Duty arrive sur Switch 2, gros leak sur la date de sortie et le portage"},"content":{"rendered":"<p>Depuis l\u2019accord sign\u00e9 en 2023 entre Microsoft et Nintendo, les joueurs s\u2019attendent \u00e0 voir d\u00e9barquer Call of Duty sur la future Switch 2. L\u2019engagement est clair : un support de dix ans, avec la promesse d\u2019une \u00ab\u00a0parit\u00e9 compl\u00e8te\u00a0\u00bb en termes de contenu et de fonctionnalit\u00e9s. Mais alors que la console approche, l\u2019\u00e9diteur Activision reste muet, et les rumeurs s\u2019intensifient quant \u00e0 la date de sortie effective du premier volet.<\/p>\n<p>Selon Jez Corden, journaliste reconnu chez Windows Central, les choses se pr\u00e9cisent en coulisses. Il affirme que le d\u00e9veloppement du premier Call of Duty sur Switch 2 est bien avanc\u00e9. \u00ab\u00a0La premi\u00e8re version de CoD sur Switch est presque termin\u00e9e et sortira dans quelques mois.\u00a0\u00bb<\/p>\n<p> Pourquoi Call of Duty pourrait manquer le lancement de la Switch 2 <\/p>\n<p>Initialement pressenti comme <a href=\"https:\/\/www.lacremedugaming.fr\/jeux\/call-of-duty\/call-of-duty-black-ops-7-sur-switch-2-une-annonce-pourrait-tomber-tres-bientot-195915.html\" target=\"_blank\" rel=\"noopener\">l\u2019un des titres phares pour accompagner la nouvelle console<\/a>, Call of Duty ne devrait finalement arriver qu\u2019en 2026. Les raisons ? La complexit\u00e9 du portage d\u2019un jeu aussi massif sur une console portable, m\u00eame sur un hardware plus performant. Alors que des rumeurs \u00e9voquaient un Warzone pr\u00eat d\u00e8s le jour J, un \u00e9pisode principal comme Black Ops 7 n\u00e9cessiterait davantage de temps d\u2019optimisation.<\/p>\n<blockquote class=\"twitter-tweet\"><p>\n\t<a class=\"twitter-link\" rel=\"noindex, nofollow noopener\" href=\"https:\/\/twitter.com\/JezCorden\/status\/2003171421879460027#038;ref_url=https%3A%2F%2Fwww.allkeyshop.com%2Fblog%2Fcall-of-duty-switch-2-release-window-details-news-d%2F\" target=\"_blank\">\n\t<\/p><\/blockquote>\n<p>Ce retard ne remet pas en cause l\u2019accord entre Microsoft et Nintendo, mais il souligne la difficult\u00e9 d\u2019adapter une franchise AAA \u00e0 un nouveau format sans compromettre l\u2019exp\u00e9rience utilisateur.<\/p>\n<p> Switch 2 et DLSS : le duo qui rend l\u2019impossible jouable <\/p>\n<p>La cl\u00e9 technique du portage repose sur le DLSS (Deep Learning Super Sampling), une technologie d\u00e9velopp\u00e9e par NVIDIA. Pr\u00e9sente sur la Switch 2 selon plusieurs fuites concordantes, elle permet de g\u00e9n\u00e9rer des graphismes haute r\u00e9solution \u00e0 partir d\u2019un rendu interne plus faible. Concr\u00e8tement, un jeu peut tourner en 720p et \u00eatre \u00ab\u00a0upscal\u00e9\u00a0\u00bb automatiquement en 1080p ou 4K gr\u00e2ce \u00e0 l\u2019IA.<\/p>\n<p>Sans cette technologie, il serait impossible de garantir les 60 images par seconde ou la fid\u00e9lit\u00e9 visuelle n\u00e9cessaires \u00e0 un Call of Duty. C\u2019est aussi le levier qui permettra \u00e0 la Switch 2 de se rapprocher des standards techniques de la PS5 ou de la Xbox Series, du moins sur le plan visuel.<\/p>\n<p> \u00c0 quoi les joueurs doivent-ils vraiment s\u2019attendre ? <\/p>\n<p>Le lancement de la Switch 2 s\u2019annonce d\u00e9j\u00e0 riche, mais sans Call of Duty dans l\u2019imm\u00e9diat. Les fans devront probablement patienter jusqu\u2019\u00e0 2026 pour d\u00e9couvrir une version compl\u00e8te et optimis\u00e9e de la licence phare sur leur console portable. Reste \u00e0 savoir s\u2019il s\u2019agira d\u2019un \u00e9pisode in\u00e9dit ou <a href=\"https:\/\/www.lacremedugaming.fr\/jeux\/call-of-duty\/black-ops-7-devient-gratuit-cette-semaine-avec-plus-de-20-cartes-et-le-mode-zombies-204395.html\" target=\"_blank\" rel=\"noopener\">du tr\u00e8s attendu Black Ops 7<\/a>, annonc\u00e9 sur consoles de salon \u00e0 la m\u00eame p\u00e9riode.<\/p>\n<p>Dans tous les cas, la promesse est maintenue, et la pr\u00e9sence de CoD sur Switch 2 n\u2019est plus une hypoth\u00e8se, mais une certitude. Il faudra simplement attendre quelques mois suppl\u00e9mentaires pour s\u2019y plonger manette en main.<\/p>\n<p>\t\t\t\t\t\t<script async src=\"https:\/\/platform.twitter.com\/widgets.js\" charset=\"utf-8\"><\/script><\/p>\n","protected":false},"excerpt":{"rendered":"Depuis l\u2019accord sign\u00e9 en 2023 entre Microsoft et Nintendo, les joueurs s\u2019attendent \u00e0 voir d\u00e9barquer Call of Duty&hellip;\n","protected":false},"author":2,"featured_media":619750,"comment_status":"","ping_status":"","sticky":false,"template":"","format":"standard","meta":{"footnotes":""},"categories":[7],"tags":[1011,27,43,40,41,39,42,44],"class_list":{"0":"post-619749","1":"post","2":"type-post","3":"status-publish","4":"format-standard","5":"has-post-thumbnail","7":"category-sciences-et-technologies","8":"tag-fr","9":"tag-france","10":"tag-science","11":"tag-science-and-technology","12":"tag-sciences","13":"tag-sciences-et-technologies","14":"tag-technologies","15":"tag-technology"},"share_on_mastodon":{"url":"https:\/\/pubeurope.com\/@fr\/115774095585702194","error":""},"_links":{"self":[{"href":"https:\/\/www.europesays.com\/fr\/wp-json\/wp\/v2\/posts\/619749","targetHints":{"allow":["GET"]}}],"collection":[{"href":"https:\/\/www.europesays.com\/fr\/wp-json\/wp\/v2\/posts"}],"about":[{"href":"https:\/\/www.europesays.com\/fr\/wp-json\/wp\/v2\/types\/post"}],"author":[{"embeddable":true,"href":"https:\/\/www.europesays.com\/fr\/wp-json\/wp\/v2\/users\/2"}],"replies":[{"embeddable":true,"href":"https:\/\/www.europesays.com\/fr\/wp-json\/wp\/v2\/comments?post=619749"}],"version-history":[{"count":0,"href":"https:\/\/www.europesays.com\/fr\/wp-json\/wp\/v2\/posts\/619749\/revisions"}],"wp:featuredmedia":[{"embeddable":true,"href":"https:\/\/www.europesays.com\/fr\/wp-json\/wp\/v2\/media\/619750"}],"wp:attachment":[{"href":"https:\/\/www.europesays.com\/fr\/wp-json\/wp\/v2\/media?parent=619749"}],"wp:term":[{"taxonomy":"category","embeddable":true,"href":"https:\/\/www.europesays.com\/fr\/wp-json\/wp\/v2\/categories?post=619749"},{"taxonomy":"post_tag","embeddable":true,"href":"https:\/\/www.europesays.com\/fr\/wp-json\/wp\/v2\/tags?post=619749"}],"curies":[{"name":"wp","href":"https:\/\/api.w.org\/{rel}","templated":true}]}}