{"id":619751,"date":"2025-12-24T10:34:21","date_gmt":"2025-12-24T10:34:21","guid":{"rendered":"https:\/\/www.europesays.com\/fr\/619751\/"},"modified":"2025-12-24T10:34:21","modified_gmt":"2025-12-24T10:34:21","slug":"notre-palmares-2026-des-meilleures-assurances-auto","status":"publish","type":"post","link":"https:\/\/www.europesays.com\/fr\/619751\/","title":{"rendered":"Notre palmar\u00e8s 2026 des meilleures assurances auto"},"content":{"rendered":"<p>\n    <strong>EXCLUSIF<\/strong> &#8211; Rapport qualit\u00e9-prix, indemnisation des sinistres, transparence&#8230; Le Figaro a compar\u00e9 28 assureurs pour vous aider \u00e0 faire le meilleur choix de contrat pour votre v\u00e9hicule dans un contexte de forte hausse des tarifs.<\/p>\n<p class=\"fig-paragraph\">Avec une facture estim\u00e9e \u00e0 722 euros en moyenne par an en 2025,\u00a0<a href=\"http:\/\/www.lefigaro.fr\/societes\/auto-habitation-les-tarifs-d-assurance-vont-grimper-de-4-a-6-en-2026-20250919\" target=\"_blank\" data-fig-type=\"NewsFlash\" rel=\"noopener\" data-gtm-custom-categorie=\"navigation\" data-gtm-custom-action=\"crossclick\" data-gtm-custom-label=\"Contextuel\" data-gtm-event=\"customEventSPE\" data-fig-domain=\"LEFIGARO\">l\u2019assurance auto<\/a>\u00a0est une\u00a0<a href=\"http:\/\/www.lefigaro.fr\/conjoncture\/je-n-ai-pas-les-moyens-de-vivre-seul-quand-les-depenses-contraintes-deviennent-un-fardeau-de-plus-en-plus-lourd-20250322\" target=\"_blank\" data-fig-type=\"Article\" rel=\"noopener\" data-gtm-custom-categorie=\"navigation\" data-gtm-custom-action=\"crossclick\" data-gtm-custom-label=\"Contextuel\" data-gtm-event=\"customEventSPE\" data-fig-domain=\"LEFIGARO\">d\u00e9pense contrainte<\/a>\u00a0qui p\u00e8se de plus en plus lourd sur le budget des automobilistes fran\u00e7ais. La hausse est significative\u00a0: on note une inflation de 6,8% sur l\u2019ann\u00e9e \u00e9coul\u00e9e, au point que certains assur\u00e9s cherchent \u00e0 optimiser leur contrat ou \u00e0 changer d\u2019assureur.<\/p>\n<p class=\"fig-paragraph\">\u00abEn 2025, ma cotisation annuelle a augment\u00e9 d\u2019environ 19% en quatre ans, alors que mon contrat n\u2019a absolument pas chang\u00e9\u00bb, t\u00e9moigne par exemple, cet internaute sur un forum automobile. Un constat partag\u00e9 par de nombreux automobilistes qui voient leur prime s\u2019envoler malgr\u00e9 l\u2019absence de sinistres. \u00abJ\u2019ai pris l\u2019habitude de changer\u00a0<a href=\"http:\/\/www.lefigaro.fr\/assurance\/notre-palmares-2024-des-meilleures-assurances-auto-20240328\" target=\"_blank\" data-fig-type=\"Article\" rel=\"noopener\" data-gtm-custom-categorie=\"navigation\" data-gtm-custom-action=\"crossclick\" data-gtm-custom-label=\"Contextuel\" data-gtm-event=\"customEventSPE\" data-fig-domain=\"LEFIGARO\">d\u2019assurance auto<\/a> \u00a0tous les 2-3 ans maximum d\u00e9sormais\u00bb, confie un autre. \u00abLes hausses de prix de tous les c\u00f4t\u00e9s, \u00e7a va bien\u00a0! Donc autant perdre une heure ou deux \u00e0 faire les d\u00e9marches, au final \u00e7a fait faire des \u00e9conomies.\u00bb<\/p>\n<p class=\"fig-paragraph\">Pour la troisi\u00e8me ann\u00e9e cons\u00e9cutive, Le Figaro, avec son partenaire l\u2019Institut de la Qualit\u00e9, a \u00e9valu\u00e9 les services de 28 assureurs fran\u00e7ais r\u00e9partis en quatre cat\u00e9gories\u00a0: mutuelles, assurances, bancassurances et assurances en ligne. Offre de produits, r\u00e9activit\u00e9, rapport qualit\u00e9-prix, indemnisation des sinistres, transparence des tarifs\u2026 D\u00e9couvrez les laur\u00e9ats de notre \u00e9tude in\u00e9dite pour 2026.<\/p>\n<p class=\"fig-premium-paywall__infos\">\n        Cet article est r\u00e9serv\u00e9 aux abonn\u00e9s.        Il vous reste 88% \u00e0 d\u00e9couvrir.\n    <\/p>\n<p>                <img  data- alt=\"Le Figaro\" class=\"fig-img--complete fig-img\"\/><\/p>\n<p class=\"fig-premium-paywall__title\">Vous avez envie de lire la suite ?<\/p>\n<p class=\"fig-premium-paywall__subtitle\">D\u00e9bloquez tous les articles imm\u00e9diatement.<\/p>\n<p class=\"fig-premium-paywall__connect\">\n                D\u00e9j\u00e0 abonn\u00e9\u00a0?                <a class=\"fig-premium-paywall__connect-link\" href=\"https:\/\/connect.lefigaro.fr\/login?client=horizon_web&amp;type=main&amp;redirect_uri=https%3A%2F%2Fwww.lefigaro.fr%2Fautomobile%2Fnotre-palmares-2026-des-meilleures-assurances-auto-20251223\" data-js-gtm=\"{&quot;customCategorie&quot;: &quot;conversion&quot;, &quot;customAction&quot;: &quot;before_Landing_Connexion_paywall_manuel&quot;, &quot;customLabel&quot;: &quot;bGVmaWdhcm8uZnJfXzFmMGRmMWQyLTMzNWQtNjA5Mi05NmFkLTlkZGU1ZmNmMDE4NV9fQXJ0aWNsZQ==_Notre palmar\u00e8s 2026 des meilleures assurances auto_412&quot;, &quot;customIDSPE&quot;: &quot;bGVmaWdhcm8uZnJfXzFmMGRmMWQyLTMzNWQtNjA5Mi05NmFkLTlkZGU1ZmNmMDE4NV9fQXJ0aWNsZQ==&quot;, &quot;event&quot;: &quot;customEventSPE&quot;}\" target=\"_blank\" rel=\"noopener\"><br \/>\n                    Connectez-vous<br \/>\n                <\/a>\n            <\/p>\n","protected":false},"excerpt":{"rendered":"EXCLUSIF &#8211; Rapport qualit\u00e9-prix, indemnisation des sinistres, transparence&#8230; Le Figaro a compar\u00e9 28 assureurs pour vous aider \u00e0&hellip;\n","protected":false},"author":2,"featured_media":619752,"comment_status":"","ping_status":"","sticky":false,"template":"","format":"standard","meta":{"footnotes":""},"categories":[6],"tags":[1117,35,33,34,1011,27],"class_list":{"0":"post-619751","1":"post","2":"type-post","3":"status-publish","4":"format-standard","5":"has-post-thumbnail","7":"category-economie","8":"tag-assurance","9":"tag-business","10":"tag-economie","11":"tag-economy","12":"tag-fr","13":"tag-france"},"share_on_mastodon":{"url":"","error":""},"_links":{"self":[{"href":"https:\/\/www.europesays.com\/fr\/wp-json\/wp\/v2\/posts\/619751","targetHints":{"allow":["GET"]}}],"collection":[{"href":"https:\/\/www.europesays.com\/fr\/wp-json\/wp\/v2\/posts"}],"about":[{"href":"https:\/\/www.europesays.com\/fr\/wp-json\/wp\/v2\/types\/post"}],"author":[{"embeddable":true,"href":"https:\/\/www.europesays.com\/fr\/wp-json\/wp\/v2\/users\/2"}],"replies":[{"embeddable":true,"href":"https:\/\/www.europesays.com\/fr\/wp-json\/wp\/v2\/comments?post=619751"}],"version-history":[{"count":0,"href":"https:\/\/www.europesays.com\/fr\/wp-json\/wp\/v2\/posts\/619751\/revisions"}],"wp:featuredmedia":[{"embeddable":true,"href":"https:\/\/www.europesays.com\/fr\/wp-json\/wp\/v2\/media\/619752"}],"wp:attachment":[{"href":"https:\/\/www.europesays.com\/fr\/wp-json\/wp\/v2\/media?parent=619751"}],"wp:term":[{"taxonomy":"category","embeddable":true,"href":"https:\/\/www.europesays.com\/fr\/wp-json\/wp\/v2\/categories?post=619751"},{"taxonomy":"post_tag","embeddable":true,"href":"https:\/\/www.europesays.com\/fr\/wp-json\/wp\/v2\/tags?post=619751"}],"curies":[{"name":"wp","href":"https:\/\/api.w.org\/{rel}","templated":true}]}}