{"id":619753,"date":"2025-12-24T10:35:09","date_gmt":"2025-12-24T10:35:09","guid":{"rendered":"https:\/\/www.europesays.com\/fr\/619753\/"},"modified":"2025-12-24T10:35:09","modified_gmt":"2025-12-24T10:35:09","slug":"guerre-en-ukraine-zelensky-devoile-la-derniere-version-du-plan-americain-et-pose-ses-conditions-en-vue-dune-zone-demilitarisee-dans-le-donbass-le-monde-fr","status":"publish","type":"post","link":"https:\/\/www.europesays.com\/fr\/619753\/","title":{"rendered":"Guerre en Ukraine : Zelensky d\u00e9voile la derni\u00e8re version du plan am\u00e9ricain et pose ses conditions en vue d\u2019une zone d\u00e9militaris\u00e9e dans le Donbass &#8211; Le Monde.fr"},"content":{"rendered":"<ol>\n<li><a href=\"https:\/\/news.google.com\/rss\/articles\/CBMi-gFBVV95cUxQM28zX3ozVUQ5WUpreHE3dXNvWjFtR3BPdDNzMGdud2FLamlNS2lsc0k0akpGRTM5eUZJbXk1SXVfUk1faDdLODE0VHFRaFQtLUU3aE1yUnVZWi1kY1ZSVFhyVTc1Z0tJNW1aR1BKUm5tcVk5Z3FfaEVndEUyUlhXMHh2QkhaUjhKTjd1Z0JSZlBfVkdiVU43WDFjbVpuOW0zbTBWMUtzRERVNHdZM0oyemoxb0pndHFHLU9INGVnUjZDYjl3RVFldG5ZalF0RFBqX3huWmdMTFhZYkVVamowRWRkOTdJb1VIak9CVXNFZTJOVVZwaERVYTl3?oc=5\" target=\"_blank\" rel=\"noopener\">Guerre en Ukraine : Zelensky d\u00e9voile la derni\u00e8re version du plan am\u00e9ricain et pose ses conditions en vue d\u2019une zone d\u00e9militaris\u00e9e dans le Donbass<\/a>&nbsp;&nbsp;Le Monde.fr<\/li>\n<li><a href=\"https:\/\/news.google.com\/rss\/articles\/CBMinAJBVV95cUxPakxIc3B6VkFNTWRTSXZLTVNTUFhYZlVpUTlQcm9OZXRHejlSSGw2clVCYS1CUllkdFdNZ3hUSVR2WkI5XzZWbkVfdU95NWFTY1VVTWZhT0xfNGVYb2tGdlhZQjhPZVNWNUpvRnZDM2hRQzRYeU5WalpHbWtiSk5vdjBUWE9tQkJvZTFPYmJhOE5hREVmLUw0cHZZRzU3dkxhckhvMzR4ZVg3MG5VYk9GLTFwNTVBWlduam9ua0FrYW16ZzZzNFJRZVdVRHZZWDhoelJxa2hWQ0QwOHVsOGNSRjVuZDM3T0R2a0hNWEQyU0VwdW5abWZKYzNKcXBoU3dQOFBJMkxzYl9hNzQ2QS1tTnVnQjlWMmVLekg5Yw?oc=5\" target=\"_blank\" rel=\"noopener\">\u00c9lections, gel du front&#8230; Volodymyr Zelensky d\u00e9taille la derni\u00e8re version du plan de paix am\u00e9ricain<\/a>&nbsp;&nbsp;BFM<\/li>\n<li><a href=\"https:\/\/news.google.com\/rss\/articles\/CBMi-gFBVV95cUxQMW1PQmNlUHdxR1hHUVRLRHUtTkpmUHFZaVJMN0I2a3B0M3hXNzFrejBPV1oycHF3MXdDU01JMGlXLTdqazFCUDAyclJUYUpleHdyLVFJQVJ2eGszSVJmM2JSVzlGYzcxbjkyZ3JhTzJubFB1Z0RTOGxfNTQ0b09qMXdsR0d1cW5MSk9SOWZPcmNLbVJTSXFEd1NkTWZZVENOWHdMMVowNHpMUktyaVAxMW1NUTlHRk9wR0Y0NUFpV3dHVllSTXg0X1o3UktBQjY3M1ZTaW1Xa2tFaDZYLWllM1VqWFRIUmlLMlhCdGdRQ0tobE01MGJjQTdB?oc=5\" target=\"_blank\" rel=\"noopener\">Guerre en Ukraine : d\u00e9couvrez la nouvelle version du plan de paix en 20 points pr\u00e9sent\u00e9e par Volodymyr Zelensky<\/a>&nbsp;&nbsp;Le Figaro<\/li>\n<li><a href=\"https:\/\/news.google.com\/rss\/articles\/CBMiygFBVV95cUxNVjE2bnpCbzRJSjJZVk16QTluY0U0akkwbzdFT3hTQWUzdkFuTmUwa2l3Q29MM2Y1UGNpbGJMMHQyZC12eUZWeEx5Ui0zTklLWm9Qc1JmY3ZUVjRSQjhiMzk3VmotZ1lQRzZPX25VczVVSnhzSW5jQXdXREw2RnhVLTRkbjVaRzQycW5RYno2cnE0SEc5WHZKNUZjR0gyQklMM3o2STNwLU9ia0M5Rk1CdkZ4N1hFSE1jSUpkalkzMEFwVXh2T0ZPeXdn?oc=5\" target=\"_blank\" rel=\"noopener\">Ukraine: Washington propose un gel du front, les questions territoriales en suspens<\/a>&nbsp;&nbsp;Actualit\u00e9s \u2013 Orange<\/li>\n<li><a href=\"https:\/\/news.google.com\/rss\/articles\/CBMiuAFBVV95cUxPaE5Hb2x1TW5lSFEzc0ZCWkFZOTV5RC1MaTFUUFRnYjRGaGk3VmF3N0VVa2hmVlJyWnM1NFJJa0NEclROQVV5LVY4V3NRVzBmUG1TQUFUcW5DanZMRHJDM2E0RWxRUVUwYXIwX0tYOHlQWXdjU0NyTVd1aUhBR09Fa3k0S1hiYTZOeEFONHZZOE5RR0JKVTFhcjFYWU9rSmIwZmo2RHdWNFFKVTBWc0kxaFNURHF0RmRQ?oc=5\" target=\"_blank\" rel=\"noopener\">EN DIRECT Guerre en Ukraine : Zelensky s&rsquo;attend \u00e0 une r\u00e9ponse des Russes ce\u2026<\/a>&nbsp;&nbsp;20 Minutes<\/li>\n<\/ol>\n","protected":false},"excerpt":{"rendered":"Guerre en Ukraine : Zelensky d\u00e9voile la derni\u00e8re version du plan am\u00e9ricain et pose ses conditions en vue&hellip;\n","protected":false},"author":2,"featured_media":395849,"comment_status":"","ping_status":"","sticky":false,"template":"","format":"standard","meta":{"footnotes":""},"categories":[5],"tags":[11,1011,27,14,12,28],"class_list":{"0":"post-619753","1":"post","2":"type-post","3":"status-publish","4":"format-standard","5":"has-post-thumbnail","7":"category-international","8":"tag-actualites","9":"tag-fr","10":"tag-france","11":"tag-international","12":"tag-news","13":"tag-world"},"share_on_mastodon":{"url":"https:\/\/pubeurope.com\/@fr\/115774103619026528","error":""},"_links":{"self":[{"href":"https:\/\/www.europesays.com\/fr\/wp-json\/wp\/v2\/posts\/619753","targetHints":{"allow":["GET"]}}],"collection":[{"href":"https:\/\/www.europesays.com\/fr\/wp-json\/wp\/v2\/posts"}],"about":[{"href":"https:\/\/www.europesays.com\/fr\/wp-json\/wp\/v2\/types\/post"}],"author":[{"embeddable":true,"href":"https:\/\/www.europesays.com\/fr\/wp-json\/wp\/v2\/users\/2"}],"replies":[{"embeddable":true,"href":"https:\/\/www.europesays.com\/fr\/wp-json\/wp\/v2\/comments?post=619753"}],"version-history":[{"count":0,"href":"https:\/\/www.europesays.com\/fr\/wp-json\/wp\/v2\/posts\/619753\/revisions"}],"wp:featuredmedia":[{"embeddable":true,"href":"https:\/\/www.europesays.com\/fr\/wp-json\/wp\/v2\/media\/395849"}],"wp:attachment":[{"href":"https:\/\/www.europesays.com\/fr\/wp-json\/wp\/v2\/media?parent=619753"}],"wp:term":[{"taxonomy":"category","embeddable":true,"href":"https:\/\/www.europesays.com\/fr\/wp-json\/wp\/v2\/categories?post=619753"},{"taxonomy":"post_tag","embeddable":true,"href":"https:\/\/www.europesays.com\/fr\/wp-json\/wp\/v2\/tags?post=619753"}],"curies":[{"name":"wp","href":"https:\/\/api.w.org\/{rel}","templated":true}]}}