{"id":619754,"date":"2025-12-24T10:36:22","date_gmt":"2025-12-24T10:36:22","guid":{"rendered":"https:\/\/www.europesays.com\/fr\/619754\/"},"modified":"2025-12-24T10:36:22","modified_gmt":"2025-12-24T10:36:22","slug":"ou-trouvez-vous-toute-cette-energie-sur-rtl-sebastien-chenu-tance-roselyne-bachelot-plus-a-laise-dans-le-registre-des-grosses-tetes","status":"publish","type":"post","link":"https:\/\/www.europesays.com\/fr\/619754\/","title":{"rendered":"O\u00f9 trouvez-vous toute cette \u00e9nergie ?\u00a0\u00bb Sur RTL, S\u00e9bastien Chenu tance Roselyne Bachelot \u00ab\u00a0plus \u00e0 l&rsquo;aise dans le registre des &lsquo;Grosses T\u00eates&rsquo;"},"content":{"rendered":"<p class=\"article-p mdl\">Une phrase devenue virale. Invit\u00e9 de RTL ce mercredi 24 d\u00e9cembre, S\u00e9bastien Chenu a r\u00e9pondu \u00e0 Roselyne Bachelot qui avait moqu\u00e9 les r\u00e9ponses de Jordan Bardella, dans l&rsquo;\u00e9mission Quelle \u00c9poque, sur France 2. \u00ab\u00a0Madame Bachelot est plus efficace dans le registre des Grosses T\u00eates que dans le registre de la politique et qu&rsquo;elle aurait pu faire preuve d&rsquo;un peu plus d&rsquo;\u00e9l\u00e9gance\u00a0\u00bb, a tanc\u00e9 le vice-pr\u00e9sident de l&rsquo;Assembl\u00e9e nationale.<\/p>\n<p class=\"article-p mdl\">Lors de l&rsquo;\u00e9mission pr\u00e9sent\u00e9e par L\u00e9a Salam\u00e9, Jordan Bardella \u00e9tait invit\u00e9 \u00e0 poser une question \u00e0 des personnalit\u00e9s.<strong> \u00ab\u00a0O\u00f9 trouve-t-il cette \u00e9nergie ?\u00a0\u00bb<\/strong>, a r\u00e9pondu plusieurs le pr\u00e9sident du Rassemblement national. Une r\u00e9partie qui n&rsquo;a pas manqu\u00e9 d&rsquo;\u00eatre soulign\u00e9e par l&rsquo;ancienne ministre de la Culture pr\u00e9sente aussi en plateau et qui lui a reproch\u00e9 un manque d&rsquo;imagination. Depuis, cette s\u00e9quence a cumul\u00e9 de nombreuses vues sur les r\u00e9seaux sociaux. Jusqu&rsquo;au point de s&rsquo;inviter \u00e0 l&rsquo;Assembl\u00e9e nationale.\u00a0<\/p>\n<p class=\"article-p mdl\">Le 23 d\u00e9cembre, en r\u00e9ponse \u00e0 une question de Marine Le Pen, S\u00e9bastien Lecornu a d\u00e9clar\u00e9 dans l&rsquo;h\u00e9micycle : \u00ab\u00a0Je me demande\u00a0 o\u00f9 est-ce que vous trouvez toute cette \u00e9nergie ?\u00a0\u00bb. Une phrase qui a d\u00e9clench\u00e9 le rire des ministres pr\u00e9sents, dont Rachida Dati mais aussi de la principale concern\u00e9e Marine Le Pen.\u00a0<\/p>\n<p class=\"article-p mdl\">Selon S\u00e9bastien Chenu, \u00ab\u00a0Jordan Bardella a l&rsquo;\u00e9nergie, la capacit\u00e9, les \u00e9paules et la carure pour s&rsquo;engager dans les combats\u00a0\u00bb. \u00ab\u00a0Il en a gagn\u00e9 un certain nombre et je pense qu&rsquo;il a gagn\u00e9 plus d&rsquo;\u00e9lections que Roselyne Bachelot\u00a0\u00bb, a-t-il ajout\u00e9.\u00a0<\/p>\n<p class=\"article-p mdl\">Adoptant une position \u00e0 l&rsquo;oppos\u00e9 de celle de Roselyne Bachelot, Nicolas Sarkozy a lui salu\u00e9, dans un entretien au\u00a0<a class=\"link\" href=\"https:\/\/www.lepoint.fr\/politique\/exclusif-nicolas-sarkozy-les-conditions-d-une-explosion-ont-rarement-ete-a-ce-point-reunies-dans-notre-pays-09-12-2025-2605088_20.php\" target=\"_blank\" rel=\"noopener\">Point<\/a>, la ligne politique d\u00e9fendue par Jordan Bardella. Selon l&rsquo;ancien pr\u00e9sident de la R\u00e9publique,\u00a0<a class=\"link\" href=\"https:\/\/www.rtl.fr\/actu\/politique\/jordan-bardella-m-a-un-peu-fait-penser-au-rpr-au-temps-de-chirac-quand-nicolas-sarkozy-evoque-les-deux-lignes-qui-regnent-au-rn-7900575933\" title=\"&quot;Jordan Bardella m\u2019a un peu fait penser au RPR au temps de Chirac&quot; : quand Nicolas Sarkozy \u00e9voque les &quot;deux lignes&quot; qui r\u00e8gnent au RN\" target=\"_blank\" rel=\"noopener\">Jordan Bardella lui a \u00ab\u00a0un peu fait penser au RPR au temps de Chirac\u00a0\u00bb<\/a>.\u00a0<\/p>\n<p>    La r\u00e9daction vous recommande<\/p>\n<p class=\"s-newsletter__title\">\n                L\u2019actualit\u00e9 par la r\u00e9daction de RTL dans votre bo\u00eete mail.\n            <\/p>\n<p class=\"s-newsletter__subtitle\">\n                Gr\u00e2ce \u00e0 votre compte RTL abonnez-vous \u00e0 la newsletter RTL info pour suivre toute l&rsquo;actualit\u00e9 au quotidien\n            <\/p>\n<p>\n                                    Lire la suite\n                                <\/p>\n","protected":false},"excerpt":{"rendered":"Une phrase devenue virale. Invit\u00e9 de RTL ce mercredi 24 d\u00e9cembre, S\u00e9bastien Chenu a r\u00e9pondu \u00e0 Roselyne Bachelot&hellip;\n","protected":false},"author":2,"featured_media":619755,"comment_status":"","ping_status":"","sticky":false,"template":"","format":"standard","meta":{"footnotes":""},"categories":[4],"tags":[11,416,107,1011,27,12,1078,362,25],"class_list":{"0":"post-619754","1":"post","2":"type-post","3":"status-publish","4":"format-standard","5":"has-post-thumbnail","7":"category-france","8":"tag-actualites","9":"tag-assemblee-nationale","10":"tag-fil-info","11":"tag-fr","12":"tag-france","13":"tag-news","14":"tag-rassemblement-national","15":"tag-replay","16":"tag-republique-francaise"},"share_on_mastodon":{"url":"https:\/\/pubeurope.com\/@fr\/115774107661854153","error":""},"_links":{"self":[{"href":"https:\/\/www.europesays.com\/fr\/wp-json\/wp\/v2\/posts\/619754","targetHints":{"allow":["GET"]}}],"collection":[{"href":"https:\/\/www.europesays.com\/fr\/wp-json\/wp\/v2\/posts"}],"about":[{"href":"https:\/\/www.europesays.com\/fr\/wp-json\/wp\/v2\/types\/post"}],"author":[{"embeddable":true,"href":"https:\/\/www.europesays.com\/fr\/wp-json\/wp\/v2\/users\/2"}],"replies":[{"embeddable":true,"href":"https:\/\/www.europesays.com\/fr\/wp-json\/wp\/v2\/comments?post=619754"}],"version-history":[{"count":0,"href":"https:\/\/www.europesays.com\/fr\/wp-json\/wp\/v2\/posts\/619754\/revisions"}],"wp:featuredmedia":[{"embeddable":true,"href":"https:\/\/www.europesays.com\/fr\/wp-json\/wp\/v2\/media\/619755"}],"wp:attachment":[{"href":"https:\/\/www.europesays.com\/fr\/wp-json\/wp\/v2\/media?parent=619754"}],"wp:term":[{"taxonomy":"category","embeddable":true,"href":"https:\/\/www.europesays.com\/fr\/wp-json\/wp\/v2\/categories?post=619754"},{"taxonomy":"post_tag","embeddable":true,"href":"https:\/\/www.europesays.com\/fr\/wp-json\/wp\/v2\/tags?post=619754"}],"curies":[{"name":"wp","href":"https:\/\/api.w.org\/{rel}","templated":true}]}}