{"id":619766,"date":"2025-12-24T10:42:13","date_gmt":"2025-12-24T10:42:13","guid":{"rendered":"https:\/\/www.europesays.com\/fr\/619766\/"},"modified":"2025-12-24T10:42:13","modified_gmt":"2025-12-24T10:42:13","slug":"a-toulon-le-pere-noel-fera-son-arrivee-par-la-mer-aujourdhui-a-15h-24-12-2025-toulon","status":"publish","type":"post","link":"https:\/\/www.europesays.com\/fr\/619766\/","title":{"rendered":"A Toulon, le P\u00e8re No\u00ebl fera son arriv\u00e9e par la mer aujourd&rsquo;hui \u00e0 15h &#8211; 24\/12\/2025 &#8211; Toulon"},"content":{"rendered":"<p>A 15h,\u00a0le P\u00e8re No\u00ebl fera son arriv\u00e9e par la mer \u00e0 Toulon.\u00a0\u00a0D\u00e8s son d\u00e9barquement, il montera dans son tra\u00eeneau, entour\u00e9 de ses lutins, et paradera dans les rues du centre-ville !<\/p>\n<p>&#13;<\/p>\n<p>Le cort\u00e8ge rejoindra ensuite son chalet sur la place de la Libert\u00e9, o\u00f9 il accueillera les enfants pour des photos souvenirs et \u00e9couter leurs souhaits.<\/p>\n<p>&#13;<\/p>\n<p>Rendez-vous au Carr\u00e9 du port !<\/p>\n<p>&#13;<\/p>\n<p>\u00a0<\/p>\n<p>&#13;<\/p>\n","protected":false},"excerpt":{"rendered":"A 15h,\u00a0le P\u00e8re No\u00ebl fera son arriv\u00e9e par la mer \u00e0 Toulon.\u00a0\u00a0D\u00e8s son d\u00e9barquement, il montera dans son&hellip;\n","protected":false},"author":2,"featured_media":619767,"comment_status":"","ping_status":"","sticky":false,"template":"","format":"standard","meta":{"footnotes":""},"categories":[9619],"tags":[1111,11,1777,674,1011,27,12,882,25,2310],"class_list":{"0":"post-619766","1":"post","2":"type-post","3":"status-publish","4":"format-standard","5":"has-post-thumbnail","7":"category-toulon","8":"tag-actu","9":"tag-actualites","10":"tag-eu","11":"tag-europe","12":"tag-fr","13":"tag-france","14":"tag-news","15":"tag-provence-alpes-cote-dazur","16":"tag-republique-francaise","17":"tag-toulon"},"share_on_mastodon":{"url":"https:\/\/pubeurope.com\/@fr\/115774131027304976","error":""},"_links":{"self":[{"href":"https:\/\/www.europesays.com\/fr\/wp-json\/wp\/v2\/posts\/619766","targetHints":{"allow":["GET"]}}],"collection":[{"href":"https:\/\/www.europesays.com\/fr\/wp-json\/wp\/v2\/posts"}],"about":[{"href":"https:\/\/www.europesays.com\/fr\/wp-json\/wp\/v2\/types\/post"}],"author":[{"embeddable":true,"href":"https:\/\/www.europesays.com\/fr\/wp-json\/wp\/v2\/users\/2"}],"replies":[{"embeddable":true,"href":"https:\/\/www.europesays.com\/fr\/wp-json\/wp\/v2\/comments?post=619766"}],"version-history":[{"count":0,"href":"https:\/\/www.europesays.com\/fr\/wp-json\/wp\/v2\/posts\/619766\/revisions"}],"wp:featuredmedia":[{"embeddable":true,"href":"https:\/\/www.europesays.com\/fr\/wp-json\/wp\/v2\/media\/619767"}],"wp:attachment":[{"href":"https:\/\/www.europesays.com\/fr\/wp-json\/wp\/v2\/media?parent=619766"}],"wp:term":[{"taxonomy":"category","embeddable":true,"href":"https:\/\/www.europesays.com\/fr\/wp-json\/wp\/v2\/categories?post=619766"},{"taxonomy":"post_tag","embeddable":true,"href":"https:\/\/www.europesays.com\/fr\/wp-json\/wp\/v2\/tags?post=619766"}],"curies":[{"name":"wp","href":"https:\/\/api.w.org\/{rel}","templated":true}]}}