{"id":619769,"date":"2025-12-24T10:44:25","date_gmt":"2025-12-24T10:44:25","guid":{"rendered":"https:\/\/www.europesays.com\/fr\/619769\/"},"modified":"2025-12-24T10:44:25","modified_gmt":"2025-12-24T10:44:25","slug":"des-pieces-uniques-faconnees-sur-place-et-accessibles-le-potier-montpellierain-de-500-degres-prise-pour-ses-creations-pratiques-au-quotidien","status":"publish","type":"post","link":"https:\/\/www.europesays.com\/fr\/619769\/","title":{"rendered":"Des pi\u00e8ces uniques fa\u00e7onn\u00e9es sur place et accessibles\u00a0: le potier montpelli\u00e9rain de 500 Degr\u00e9s pris\u00e9 pour ses cr\u00e9ations pratiques au quotidien"},"content":{"rendered":"<p>\n                                                                Dans le centre historique de Montpellier, la boutique-atelier 500 Degr\u00e9s met en lumi\u00e8re le travail du potier Laurent Bourgoin. Avec sa compagne Allison Lake, il fa\u00e7onne sur place des pi\u00e8ces de c\u00e9ramique uniques, en gr\u00e8s ou porcelaine, con\u00e7ues pour un usage quotidien. Bols, assiettes ou plats \u00e0 gratin s\u00e9duisent une client\u00e8le locale fid\u00e8le, particuliers comme restaurateurs, en qu\u00eate d\u2019artisanat durable et fabriqu\u00e9 \u00e0 la main.\n                            <\/p>\n<p>Dans la petite boutique d\u00e9cor\u00e9e et \u00e9clair\u00e9e du coeur de ville, on se croirait presque dans l\u2019antre du P\u00e8re No\u00ebl. La jolie vitrine, les \u00e9tag\u00e8res\u00a0remplies de bols, de tasses, de plats, d\u2019assiettes en tous genres et color\u00e9s. \u00ab\u00a0Ici chaque pi\u00e8ce est unique, fabriqu\u00e9e \u00e0 la main et sur place.\u00a0\u00bb\u00a0On pourrait m\u00eame y ajouter \u00ab\u00a0avec soin et amour\u00a0\u00bb.<\/p>\n<p>        <img decoding=\"async\" class=\"std-img__img responsive-img\" src=\"https:\/\/www.europesays.com\/fr\/wp-content\/uploads\/2025\/12\/1766573060_851_image.jpg\" alt=\"La jolie petite boutique.\"\/><\/p>\n<p>                La jolie petite boutique.<br \/>\n                                    Midi Libre &#8211; JEAN-MICHEL MART<\/p>\n<p>Et par une trappe d\u00e9rob\u00e9e, on peut voir appara\u00eetre Laurent Bourgoin, le potier sortant de son atelier cach\u00e9 au sous-sol \u00e0 l\u2019abri des regards o\u00f9 il fa\u00e7onne, tourne, \u00e9maille et cuit chacune de ses cr\u00e9ations. Largement aid\u00e9 par sa compagne Allison Lake\u00a0\u00ab\u00a0surtout pour la d\u00e9coration et la vente\u00a0\u00bb, pr\u00e9cise-t-elle en toute modestie.<\/p>\n<p>        <img decoding=\"async\" class=\"std-img__img responsive-img\" src=\"https:\/\/www.europesays.com\/fr\/wp-content\/uploads\/2025\/12\/1766573062_237_image.jpg\" alt=\"Allison Lake dans la boutique.\"\/><\/p>\n<p>                Allison Lake dans la boutique.<br \/>\n                                    Midi Libre &#8211; JEAN-MICHEL MART<\/p>\n<p>Artisan passionn\u00e9<\/p>\n<p>Et m\u00eame apr\u00e8s plus de vingt\u00a0ans install\u00e9 dans ce coin de l\u2019\u00c9cusson, l\u2019artisan n\u2019a rien perdu de son c\u00f4t\u00e9\u00a0passionn\u00e9 et engag\u00e9. \u00ab\u00a0Transformer la mati\u00e8re premi\u00e8re et ma\u00eetriser le processus en entier, c\u2019est vraiment int\u00e9ressant. On est libre. Et on fait plein de m\u00e9tiers en un seul. On est toujours en train d\u2019apprendre, sans cesse. On ne peut pas s\u2019ennuyer\u2026\u00a0\u00bb<\/p>\n<p>        <img decoding=\"async\" class=\"std-img__img responsive-img\" src=\"https:\/\/www.europesays.com\/fr\/wp-content\/uploads\/2025\/12\/1766573063_319_image.jpg\" alt=\"&quot;Transformer la mati\u00e8re premi\u00e8re et ma\u00eetriser le processus en entier.&quot;\"\/><\/p>\n<p>                \u00ab\u00a0Transformer la mati\u00e8re premi\u00e8re et ma\u00eetriser le processus en entier.\u00a0\u00bb<br \/>\n                                    Midi Libre &#8211; JEAN-MICHEL MART<\/p>\n<p>Alors lorsqu\u2019il\u00a0soul\u00e8ve le couvercle de son four et qu\u2019il d\u00e9couvre apr\u00e8s deux jours de cuisson sa derni\u00e8re production, un sourire de fiert\u00e9 se dessine sur son visage. Il ausculte chaque facette et semble vraiment satisfait du r\u00e9sultat.<\/p>\n<p>        <img decoding=\"async\" class=\"std-img__img responsive-img\" src=\"https:\/\/www.europesays.com\/fr\/wp-content\/uploads\/2025\/12\/1766573065_21_image.jpg\" alt=\"\u00c0 la d\u00e9couverte du r\u00e9sultat apr\u00e8s plusieurs jours.\"\/><\/p>\n<p>                \u00c0 la d\u00e9couverte du r\u00e9sultat apr\u00e8s plusieurs jours.<br \/>\n                                    Midi Libre &#8211; JEAN-MICHEL MART<\/p>\n<p>Des pi\u00e8ces uniques et pratiques<\/p>\n<p>C\u2019est justement ce produit unique que les gens viennent chercher. \u00ab\u00a0Celui fa\u00e7onn\u00e9 sur place et qu\u2019on ne vend que dans notre boutique.\u00a0\u00bb De l\u2019artisanat \u00e0 l\u2019\u00e9tat pur.\u00a0\u00ab\u00a0Il y a ce c\u00f4t\u00e9 ancestral\u00a0: aller chez son artisan pour choisir des objets du quotidien\u00a0\u00bb, ajoute sa compagne.<\/p>\n<p>Car\u00a0le duo propose des objets accessibles con\u00e7us pour \u00eatre utilis\u00e9s dans la vie de tous les jours\u00a0: ils passent\u00a0au lave-vaisselle et au micro-onde. Et certaines pi\u00e8ces comme les plats \u00e0 gratin sont \u00e9videmment pour le\u00a0four. \u00ab\u00a0On fournit m\u00eame les restaurateurs du coin. C\u2019est costaud. Car nous utilisons des argiles \u00e0 hautes temp\u00e9ratures comme le gr\u00e9s ou la porcelaine.\u00a0\u00bb<\/p>\n<p>Quant \u00e0 leur client\u00e8le, elle est locale et fid\u00e8le. \u00ab\u00a0Et de tous les \u00e2ges\u2026\u00a0\u00bb<\/p>\n<p>\u00ab\u00a0C\u2019est extr\u00eamement agr\u00e9able d\u2019avoir des retours positifs, les gens nous font confiance et on leur am\u00e8ne de la joie. Quand on pense que nos pi\u00e8ces figurent dans leur maison, c\u2019est touchant\u00a0\u00bb, avoue Allison Lake, l\u2019\u0153il qui p\u00e9tille.<\/p>\n<p><a href=\"https:\/\/fr.500degres.com\/\" target=\"_blank\" rel=\"noopener\">Boutique atelier 500 Degr\u00e9s<\/a>, 14 rue en Gondeau \u00e0 Montpellier. Ouvert du lundi au samedi de 10\u00a0h \u00e0 19\u00a0h.<\/p>\n","protected":false},"excerpt":{"rendered":"Dans le centre historique de Montpellier, la boutique-atelier 500 Degr\u00e9s met en lumi\u00e8re le travail du potier Laurent&hellip;\n","protected":false},"author":2,"featured_media":619770,"comment_status":"","ping_status":"","sticky":false,"template":"","format":"standard","meta":{"footnotes":""},"categories":[9599],"tags":[1111,11,872,1777,674,1011,27,69124,7089,2208,12,64981,2680,25],"class_list":{"0":"post-619769","1":"post","2":"type-post","3":"status-publish","4":"format-standard","5":"has-post-thumbnail","7":"category-montpellier","8":"tag-actu","9":"tag-actualites","10":"tag-culture-et-loisirs","11":"tag-eu","12":"tag-europe","13":"tag-fr","14":"tag-france","15":"tag-fu00eates-et-festivals","16":"tag-herault","17":"tag-montpellier","18":"tag-news","19":"tag-nou00ebl","20":"tag-occitanie","21":"tag-republique-francaise"},"share_on_mastodon":{"url":"https:\/\/pubeurope.com\/@fr\/115774141391782002","error":""},"_links":{"self":[{"href":"https:\/\/www.europesays.com\/fr\/wp-json\/wp\/v2\/posts\/619769","targetHints":{"allow":["GET"]}}],"collection":[{"href":"https:\/\/www.europesays.com\/fr\/wp-json\/wp\/v2\/posts"}],"about":[{"href":"https:\/\/www.europesays.com\/fr\/wp-json\/wp\/v2\/types\/post"}],"author":[{"embeddable":true,"href":"https:\/\/www.europesays.com\/fr\/wp-json\/wp\/v2\/users\/2"}],"replies":[{"embeddable":true,"href":"https:\/\/www.europesays.com\/fr\/wp-json\/wp\/v2\/comments?post=619769"}],"version-history":[{"count":0,"href":"https:\/\/www.europesays.com\/fr\/wp-json\/wp\/v2\/posts\/619769\/revisions"}],"wp:featuredmedia":[{"embeddable":true,"href":"https:\/\/www.europesays.com\/fr\/wp-json\/wp\/v2\/media\/619770"}],"wp:attachment":[{"href":"https:\/\/www.europesays.com\/fr\/wp-json\/wp\/v2\/media?parent=619769"}],"wp:term":[{"taxonomy":"category","embeddable":true,"href":"https:\/\/www.europesays.com\/fr\/wp-json\/wp\/v2\/categories?post=619769"},{"taxonomy":"post_tag","embeddable":true,"href":"https:\/\/www.europesays.com\/fr\/wp-json\/wp\/v2\/tags?post=619769"}],"curies":[{"name":"wp","href":"https:\/\/api.w.org\/{rel}","templated":true}]}}