{"id":619771,"date":"2025-12-24T10:45:20","date_gmt":"2025-12-24T10:45:20","guid":{"rendered":"https:\/\/www.europesays.com\/fr\/619771\/"},"modified":"2025-12-24T10:45:20","modified_gmt":"2025-12-24T10:45:20","slug":"a-montpellier-il-jette-des-morceaux-de-jardiniere-sur-les-passants-qui-le-neutralisent","status":"publish","type":"post","link":"https:\/\/www.europesays.com\/fr\/619771\/","title":{"rendered":"A Montpellier, il jette des morceaux de jardini\u00e8re sur les passants qui le neutralisent"},"content":{"rendered":"<p>                    Par<br \/>\n        <strong><br \/>\n            <a href=\"https:\/\/actu.fr\/auteur\/g-martin\" title=\"Consulter tous les articles de Gil Martin\" target=\"_blank\" rel=\"noopener\">Gil Martin<\/a><br \/>\n                    <\/strong><\/p>\n<p>        Publi\u00e9 le<\/p>\n<p>            24 d\u00e9c. 2025 \u00e0 10h54        <\/p>\n<p>Vendredi 19 d\u00e9cembre, vers 16h, <strong>sur la dalle du Triangle<\/strong>, alors que de nombreux Montpelli\u00e9rains font leurs emplettes de No\u00ebl, une <strong>altercation \u00e9clate<\/strong>. Des passants tentent de ma\u00eetriser un homme assez jeune mais tr\u00e8s agit\u00e9 qui, quelques instants auparavant, devant le Polygone, <strong>jetait<\/strong> des morceaux d\u2019une <strong>jardini\u00e8re d\u00e9truite<\/strong> sur les passants circulant <strong>\u00e0 l\u2019\u00e9tage inf\u00e9rieur<\/strong>.<\/p>\n<p>La police intervient rapidement<\/p>\n<p class=\" wall-content\">Alert\u00e9e par <strong>la clameur,<\/strong> une patrouille du groupe de s\u00e9curit\u00e9 de proximit\u00e9 se rend tr\u00e8s vite sur place et d\u00e9couvre la sc\u00e8ne. Les policiers interviennent \u00e0 leur tour pour <strong>ma\u00eetriser l\u2019individu<\/strong> et apprennent que l\u2019homme a bris\u00e9 une jardini\u00e8re dont il a utilis\u00e9 les morceaux, parfois assez gros, comme <strong>projectiles<\/strong>.<\/p>\n<p>    <a href=\"https:\/\/www.google.com\/maps\/embed?pb=!1m18!1m12!1m3!1d2888.875366885792!2d3.880177775669427!3d43.609136571104266!2m3!1f0!2f0!3f0!3m2!1i1024!2i768!4f13.1!3m3!1m2!1s0x12b6afa0928707cd%3A0xdd81f518b250c366!2sLe%20Triangle%2C%20Immeuble%20Le%20Triangle%2C%20All.%20Jules%20Milhau%2C%2034000%20Montpellier!5e0!3m2!1sfr!2sfr!4v1766526643050!5m2!1sfr!2sfr\" title=\"Ouvrie le lien\" target=\"_blank\" rel=\"noopener\">Cliquez ici pour visualiser le contenu<\/a><\/p>\n<p>Un coupable fortement alcoolis\u00e9<\/p>\n<p class=\" wall-content\">Les policiers vont amener l\u2019individu de 27 ans au poste et d\u00e9couvrir, stup\u00e9faits, qu\u2019il est fortement imbib\u00e9, Hongrois d\u2019origine, et qu\u2019il pr\u00e9sente 1,54 grammes d\u2019alcool par litre dans le sang en soufflant\u2026soit un taux d\u2019alcool\u00e9mie r\u00e9el de plus de 3 grammes ! Ce qui pourrait expliquer ces \u00ab\u00a0troubles de la m\u00e9moire\u00a0\u00bb car ce dernier expliquera aux policiers lors de son audition ne se souvenir de rien.<\/p>\n<p class=\" wall-content\">L\u2019individu a exprim\u00e9 ses regrets aux policiers, mais cela ne l\u2019a pas emp\u00each\u00e9, \u00e0 l\u2019issue de sa garde \u00e0 vue, d\u2019\u00eatre d\u00e9f\u00e9r\u00e9 au parquet de Montpellier. Il a finalement \u00e9t\u00e9 laiss\u00e9 libre en attendant une d\u00e9cision de justice.<\/p>\n<p class=\" wall-content\">Personnalisez votre actualit\u00e9 en ajoutant vos villes et m\u00e9dias en favori avec <a href=\"https:\/\/moncompte.actu.fr\" title=\"D\u00e9couvez Mon Actu\" rel=\"nofollow noopener\" data-trk=\"{&quot;cta&quot;:{&quot;action&quot;:&quot;https:\\\/\\\/moncompte.actu.fr&quot;,&quot;category&quot;:&quot;mon compte&quot;,&quot;from&quot;:&quot;article footer&quot;,&quot;name&quot;:&quot;Mon actu&quot;,&quot;type&quot;:&quot;cta&quot;}}\" target=\"_blank\">Mon Actu<\/a>.<\/p>\n","protected":false},"excerpt":{"rendered":"Par Gil Martin Publi\u00e9 le 24 d\u00e9c. 2025 \u00e0 10h54 Vendredi 19 d\u00e9cembre, vers 16h, sur la dalle&hellip;\n","protected":false},"author":2,"featured_media":619772,"comment_status":"","ping_status":"","sticky":false,"template":"","format":"standard","meta":{"footnotes":""},"categories":[9599],"tags":[1111,11,1777,674,118,1011,27,2208,12,2680,25],"class_list":{"0":"post-619771","1":"post","2":"type-post","3":"status-publish","4":"format-standard","5":"has-post-thumbnail","7":"category-montpellier","8":"tag-actu","9":"tag-actualites","10":"tag-eu","11":"tag-europe","12":"tag-faits-divers","13":"tag-fr","14":"tag-france","15":"tag-montpellier","16":"tag-news","17":"tag-occitanie","18":"tag-republique-francaise"},"share_on_mastodon":{"url":"https:\/\/pubeurope.com\/@fr\/115774142799633634","error":""},"_links":{"self":[{"href":"https:\/\/www.europesays.com\/fr\/wp-json\/wp\/v2\/posts\/619771","targetHints":{"allow":["GET"]}}],"collection":[{"href":"https:\/\/www.europesays.com\/fr\/wp-json\/wp\/v2\/posts"}],"about":[{"href":"https:\/\/www.europesays.com\/fr\/wp-json\/wp\/v2\/types\/post"}],"author":[{"embeddable":true,"href":"https:\/\/www.europesays.com\/fr\/wp-json\/wp\/v2\/users\/2"}],"replies":[{"embeddable":true,"href":"https:\/\/www.europesays.com\/fr\/wp-json\/wp\/v2\/comments?post=619771"}],"version-history":[{"count":0,"href":"https:\/\/www.europesays.com\/fr\/wp-json\/wp\/v2\/posts\/619771\/revisions"}],"wp:featuredmedia":[{"embeddable":true,"href":"https:\/\/www.europesays.com\/fr\/wp-json\/wp\/v2\/media\/619772"}],"wp:attachment":[{"href":"https:\/\/www.europesays.com\/fr\/wp-json\/wp\/v2\/media?parent=619771"}],"wp:term":[{"taxonomy":"category","embeddable":true,"href":"https:\/\/www.europesays.com\/fr\/wp-json\/wp\/v2\/categories?post=619771"},{"taxonomy":"post_tag","embeddable":true,"href":"https:\/\/www.europesays.com\/fr\/wp-json\/wp\/v2\/tags?post=619771"}],"curies":[{"name":"wp","href":"https:\/\/api.w.org\/{rel}","templated":true}]}}