{"id":619778,"date":"2025-12-24T10:52:17","date_gmt":"2025-12-24T10:52:17","guid":{"rendered":"https:\/\/www.europesays.com\/fr\/619778\/"},"modified":"2025-12-24T10:52:17","modified_gmt":"2025-12-24T10:52:17","slug":"voici-les-prenoms-les-plus-donnes-aux-bebes-nes-a-rennes-en-2025","status":"publish","type":"post","link":"https:\/\/www.europesays.com\/fr\/619778\/","title":{"rendered":"Voici les pr\u00e9noms les plus donn\u00e9s aux b\u00e9b\u00e9s n\u00e9s \u00e0 Rennes en 2025"},"content":{"rendered":"<p>En 2025, du 1er janvier au 23 d\u00e9cembre, 7 096 b\u00e9b\u00e9s sont n\u00e9s \u00e0 Rennes selon les chiffres de l\u2019\u00e9tat civil de la mairie. C\u2019est un petit peu moins que sur l\u2019ensemble de l\u2019ann\u00e9e 2024, ann\u00e9e durant laquelle 7 321 naissances ont \u00e9t\u00e9 enregistr\u00e9es dans la capitale bretonne. L\u2019occasion de dresser un classement des pr\u00e9noms le plus souvent donn\u00e9s par les parents.<\/p>\n<p>Chez les filles, Louise maintient sa premi\u00e8re place acquise en 2024 (47 naissances en 2025), mais elle doit partager la t\u00eate avec Ad\u00e8le, 4e l\u2019an pass\u00e9. Le podium est compl\u00e9t\u00e9 par Alice (39), absente du top 15 l\u2019an pass\u00e9.<\/p>\n<p>Chez les gar\u00e7ons, Marceau, seulement 7e en 2024, est largement en t\u00eate cette ann\u00e9e (52 naissances). Il devance les deux co-leaders de l\u2019an pass\u00e9, Rapha\u00ebl (46) et Arthur (45). Basile (9e, 34), Isaac (11e, 32) et C\u00f4me (15e, 31) font, eux, leur entr\u00e9e dans le top 15 Rennais.<\/p>\n<p>Fanta, Excel, Ren\u00e9-R\u00e9gis<\/p>\n<p>D\u2019autres ont opt\u00e9 pour des pr\u00e9noms plus originaux, comme Fanta (deux fois), Ren\u00e9-R\u00e9gis et Excel. Le pr\u00e9nom le plus long, 19 lettres, revient au pr\u00e9nom compos\u00e9 Mouhammad-Soulayman. En un seul mot, la palme revient \u00e0 Hadassa\u00efnahbianca (17 lettres).<\/p>\n","protected":false},"excerpt":{"rendered":"En 2025, du 1er janvier au 23 d\u00e9cembre, 7 096 b\u00e9b\u00e9s sont n\u00e9s \u00e0 Rennes selon les chiffres&hellip;\n","protected":false},"author":2,"featured_media":619779,"comment_status":"","ping_status":"","sticky":false,"template":"","format":"standard","meta":{"footnotes":""},"categories":[2821],"tags":[1111,11,829,1777,674,1011,27,848,12,584,25],"class_list":{"0":"post-619778","1":"post","2":"type-post","3":"status-publish","4":"format-standard","5":"has-post-thumbnail","7":"category-rennes","8":"tag-actu","9":"tag-actualites","10":"tag-bretagne","11":"tag-eu","12":"tag-europe","13":"tag-fr","14":"tag-france","15":"tag-ille-et-vilaine","16":"tag-news","17":"tag-rennes","18":"tag-republique-francaise"},"share_on_mastodon":{"url":"https:\/\/pubeurope.com\/@fr\/115774170373363078","error":""},"_links":{"self":[{"href":"https:\/\/www.europesays.com\/fr\/wp-json\/wp\/v2\/posts\/619778","targetHints":{"allow":["GET"]}}],"collection":[{"href":"https:\/\/www.europesays.com\/fr\/wp-json\/wp\/v2\/posts"}],"about":[{"href":"https:\/\/www.europesays.com\/fr\/wp-json\/wp\/v2\/types\/post"}],"author":[{"embeddable":true,"href":"https:\/\/www.europesays.com\/fr\/wp-json\/wp\/v2\/users\/2"}],"replies":[{"embeddable":true,"href":"https:\/\/www.europesays.com\/fr\/wp-json\/wp\/v2\/comments?post=619778"}],"version-history":[{"count":0,"href":"https:\/\/www.europesays.com\/fr\/wp-json\/wp\/v2\/posts\/619778\/revisions"}],"wp:featuredmedia":[{"embeddable":true,"href":"https:\/\/www.europesays.com\/fr\/wp-json\/wp\/v2\/media\/619779"}],"wp:attachment":[{"href":"https:\/\/www.europesays.com\/fr\/wp-json\/wp\/v2\/media?parent=619778"}],"wp:term":[{"taxonomy":"category","embeddable":true,"href":"https:\/\/www.europesays.com\/fr\/wp-json\/wp\/v2\/categories?post=619778"},{"taxonomy":"post_tag","embeddable":true,"href":"https:\/\/www.europesays.com\/fr\/wp-json\/wp\/v2\/tags?post=619778"}],"curies":[{"name":"wp","href":"https:\/\/api.w.org\/{rel}","templated":true}]}}