{"id":619784,"date":"2025-12-24T10:58:30","date_gmt":"2025-12-24T10:58:30","guid":{"rendered":"https:\/\/www.europesays.com\/fr\/619784\/"},"modified":"2025-12-24T10:58:30","modified_gmt":"2025-12-24T10:58:30","slug":"a-la-rencontre-dune-des-communautes-les-plus-dynamiques-de-france","status":"publish","type":"post","link":"https:\/\/www.europesays.com\/fr\/619784\/","title":{"rendered":"\u00e0 la rencontre d\u2019une des communaut\u00e9s les plus dynamiques de France"},"content":{"rendered":"<p>L\u2019\u00e9glise de la Tr\u00e8s-Sainte-Trinit\u00e9 fait le plein pour ce dimanche de l\u2019avent. Un peu comme tous les dimanches d\u2019ailleurs. Pos\u00e9 depuis les ann\u00e9es 1960 \u00e0 deux pas du parc de la Citadelle, <a href=\"https:\/\/www.dna.fr\/edition-de-strasbourg\/2016\/05\/21\/la-tres-sainte-trinite-a-50-ans\" target=\"_blank\" rel=\"noopener\"> l\u2019\u00e9difice religieux dessin\u00e9 par l\u2019architecte en chef des b\u00e2timents civils et des palais nationaux, Joseph Belmont<\/a> , est devenu depuis 2022 le lieu de rassemblement hebdomadaire de la vaste communaut\u00e9 chr\u00e9tienne irakienne (*). L\u2019officiant, <a href=\"https:\/\/www.dna.fr\/loisirs\/2017\/07\/30\/guerre-et-paix\" target=\"_blank\" rel=\"noopener\">le dominicain Anis Hanna<\/a> , d\u00e9roule sa messe en trois langues, fran\u00e7ais, arabe et aram\u00e9en. La petite chorale ponctue la c\u00e9l\u00e9bration de chants aux m\u00e9lodies orientales. Toutes les g\u00e9n\u00e9rations sont pr\u00e9sentes.<\/p>\n<p>La Tr\u00e8s-Sainte-Trinit\u00e9 est le point d\u2019ancrage de ces familles tr\u00e8s croyantes et pratiquantes qui, pour leur tr\u00e8s grande majorit\u00e9, <a href=\"https:\/\/www.dna.fr\/edition-de-colmar\/2015\/03\/16\/ils-ont-tout-perdu-sauf-la-foi\" target=\"_blank\" rel=\"noopener\">sont arriv\u00e9es en France apr\u00e8s 2014<\/a>. Pers\u00e9cut\u00e9s par l\u2019\u00c9tat islamique, beaucoup de chr\u00e9tiens irakiens se sont r\u00e9fugi\u00e9s dans un premier temps au Kurdistan avant d\u2019\u00e9migrer en Europe, en Australie ou aux \u00c9tats-Unis. C\u2019est le cas de Saffa Jebbo,&#8230;<\/p>\n","protected":false},"excerpt":{"rendered":"L\u2019\u00e9glise de la Tr\u00e8s-Sainte-Trinit\u00e9 fait le plein pour ce dimanche de l\u2019avent. Un peu comme tous les dimanches&hellip;\n","protected":false},"author":2,"featured_media":619785,"comment_status":"","ping_status":"","sticky":false,"template":"","format":"standard","meta":{"footnotes":""},"categories":[2820],"tags":[1111,11,2389,2649,2880,1777,674,107,1011,27,2798,775,12,5889,25,104,640,2879],"class_list":{"0":"post-619784","1":"post","2":"type-post","3":"status-publish","4":"format-standard","5":"has-post-thumbnail","7":"category-strasbourg","8":"tag-actu","9":"tag-actualites","10":"tag-alsace","11":"tag-bas-rhin","12":"tag-edition-strasbourg","13":"tag-eu","14":"tag-europe","15":"tag-fil-info","16":"tag-fr","17":"tag-france","18":"tag-galerie-photo","19":"tag-grand-est","20":"tag-news","21":"tag-religion-croyance","22":"tag-republique-francaise","23":"tag-societe","24":"tag-strasbourg","25":"tag-strasbourg-ville"},"share_on_mastodon":{"url":"https:\/\/pubeurope.com\/@fr\/115774193871646348","error":""},"_links":{"self":[{"href":"https:\/\/www.europesays.com\/fr\/wp-json\/wp\/v2\/posts\/619784","targetHints":{"allow":["GET"]}}],"collection":[{"href":"https:\/\/www.europesays.com\/fr\/wp-json\/wp\/v2\/posts"}],"about":[{"href":"https:\/\/www.europesays.com\/fr\/wp-json\/wp\/v2\/types\/post"}],"author":[{"embeddable":true,"href":"https:\/\/www.europesays.com\/fr\/wp-json\/wp\/v2\/users\/2"}],"replies":[{"embeddable":true,"href":"https:\/\/www.europesays.com\/fr\/wp-json\/wp\/v2\/comments?post=619784"}],"version-history":[{"count":0,"href":"https:\/\/www.europesays.com\/fr\/wp-json\/wp\/v2\/posts\/619784\/revisions"}],"wp:featuredmedia":[{"embeddable":true,"href":"https:\/\/www.europesays.com\/fr\/wp-json\/wp\/v2\/media\/619785"}],"wp:attachment":[{"href":"https:\/\/www.europesays.com\/fr\/wp-json\/wp\/v2\/media?parent=619784"}],"wp:term":[{"taxonomy":"category","embeddable":true,"href":"https:\/\/www.europesays.com\/fr\/wp-json\/wp\/v2\/categories?post=619784"},{"taxonomy":"post_tag","embeddable":true,"href":"https:\/\/www.europesays.com\/fr\/wp-json\/wp\/v2\/tags?post=619784"}],"curies":[{"name":"wp","href":"https:\/\/api.w.org\/{rel}","templated":true}]}}