{"id":619787,"date":"2025-12-24T11:02:19","date_gmt":"2025-12-24T11:02:19","guid":{"rendered":"https:\/\/www.europesays.com\/fr\/619787\/"},"modified":"2025-12-24T11:02:19","modified_gmt":"2025-12-24T11:02:19","slug":"quelles-communes-des-alpes-maritimes-gagnent-ou-perdent-des-habitants-les-derniers-chiffres-de-linsee","status":"publish","type":"post","link":"https:\/\/www.europesays.com\/fr\/619787\/","title":{"rendered":"Quelles communes des Alpes-Maritimes gagnent ou perdent des habitants\u00a0? Les derniers chiffres de l\u2019Insee"},"content":{"rendered":"<p class=\"fs-5 \">Les Alpes-Maritimes poursuivent leur progression d\u00e9mographique. Selon les chiffres officiels publi\u00e9s par <a href=\"https:\/\/www.insee.fr\/fr\/statistiques\/zones\/8643952?debut=0&amp;q=Population+l%C3%A9gale+des+communes+de+la+r%C3%A9gion+Provence-Alpes-C%C3%B4te+d%27Azur+au+1er+janvier\" target=\"_blank\" rel=\"nofollow noopener\">l\u2019Institut national de la statistique et des \u00e9tudes \u00e9conomiques (Insee)<\/a>, le d\u00e9partement compte 1 128 418 habitants au 1er janvier 2023. Un chiffre en hausse par rapport \u00e0 2017, qui confirme l\u2019attractivit\u00e9 du territoire azur\u00e9en.<\/p>\n<p>                                                                                Nice conforte sa place parmi les grandes villes fran\u00e7aises<\/p>\n<p class=\"fs-5 \">Avec 357 737 habitants recens\u00e9s en 2023, Nice reste la cinqui\u00e8me ville de France, derri\u00e8re Paris, Marseille, Lyon et Toulouse. La capitale azur\u00e9enne gagne pr\u00e8s de 17 000 habitants en six ans, une progression notable par rapport aux 340 017 habitants comptabilis\u00e9s en 2017.<\/p>\n<p class=\"fs-5 \">Dans le reste du d\u00e9partement, la tendance est majoritairement \u00e0 la hausse. Antibes d\u00e9passe d\u00e9sormais les 77 000 habitants, avec une augmentation de plus de 4 600 r\u00e9sidents depuis 2017. Cagnes-sur-Mer (+3 416) et Saint-Laurent-du-Var (+3 719) enregistrent \u00e9galement de fortes progressions.<\/p>\n<p class=\"fs-5 \">Cannes continue elle aussi de gagner des habitants, atteignant 74 350 r\u00e9sidents, tandis que Grasse, Le Cannet, Menton, Vallauris ou encore Mougins affichent des hausses plus mod\u00e9r\u00e9es mais r\u00e9guli\u00e8res.<\/p>\n<p>        <img src=\"https:\/\/www.europesays.com\/fr\/wp-content\/uploads\/2025\/12\/dc5bb0b_upload-from-url-1-lkye8ohkxr7s-istock-1190277140-xioxigxd.jpg\"   loading=\"lazy\" decoding=\"async\" alt=\"Selon une enqu\u00eate, pr\u00e8s de deux Fran\u00e7ais sur trois pr\u00e9voient de r\u00e9duire leurs d\u00e9penses de No\u00ebl, contraints par l\u2019inflation et la pression sur le pouvoir d\u2019achat.\" class=\"img-fluid position-absolute w-100 object-fit-cover rounded-2\" width=\"600\" height=\"400\"\/><\/p>\n<p>                                                                                Mandelieu-la-Napoule, seule grande ville en recul<\/p>\n<p class=\"fs-5 \">Parmi les principales communes du d\u00e9partement, Mandelieu-la-Napoule fait figure d\u2019exception. La ville enregistre une baisse de sa population, avec 21 640 habitants en 2023, soit environ 800 de moins qu\u2019en 2017.<\/p>\n<p class=\"fs-5 \">Hormis ce recul ponctuel, les chiffres de l\u2019Insee confirment une dynamique positive dans les Alpes-Maritimes, port\u00e9e par l\u2019attractivit\u00e9 du littoral, l\u2019emploi et le cadre de vie.<\/p>\n","protected":false},"excerpt":{"rendered":"Les Alpes-Maritimes poursuivent leur progression d\u00e9mographique. Selon les chiffres officiels publi\u00e9s par l\u2019Institut national de la statistique et&hellip;\n","protected":false},"author":2,"featured_media":619788,"comment_status":"","ping_status":"","sticky":false,"template":"","format":"standard","meta":{"footnotes":""},"categories":[2819],"tags":[1111,11,1777,674,1011,27,12,2401,882,25],"class_list":{"0":"post-619787","1":"post","2":"type-post","3":"status-publish","4":"format-standard","5":"has-post-thumbnail","7":"category-nice","8":"tag-actu","9":"tag-actualites","10":"tag-eu","11":"tag-europe","12":"tag-fr","13":"tag-france","14":"tag-news","15":"tag-nice","16":"tag-provence-alpes-cote-dazur","17":"tag-republique-francaise"},"share_on_mastodon":{"url":"https:\/\/pubeurope.com\/@fr\/115774210722011978","error":""},"_links":{"self":[{"href":"https:\/\/www.europesays.com\/fr\/wp-json\/wp\/v2\/posts\/619787","targetHints":{"allow":["GET"]}}],"collection":[{"href":"https:\/\/www.europesays.com\/fr\/wp-json\/wp\/v2\/posts"}],"about":[{"href":"https:\/\/www.europesays.com\/fr\/wp-json\/wp\/v2\/types\/post"}],"author":[{"embeddable":true,"href":"https:\/\/www.europesays.com\/fr\/wp-json\/wp\/v2\/users\/2"}],"replies":[{"embeddable":true,"href":"https:\/\/www.europesays.com\/fr\/wp-json\/wp\/v2\/comments?post=619787"}],"version-history":[{"count":0,"href":"https:\/\/www.europesays.com\/fr\/wp-json\/wp\/v2\/posts\/619787\/revisions"}],"wp:featuredmedia":[{"embeddable":true,"href":"https:\/\/www.europesays.com\/fr\/wp-json\/wp\/v2\/media\/619788"}],"wp:attachment":[{"href":"https:\/\/www.europesays.com\/fr\/wp-json\/wp\/v2\/media?parent=619787"}],"wp:term":[{"taxonomy":"category","embeddable":true,"href":"https:\/\/www.europesays.com\/fr\/wp-json\/wp\/v2\/categories?post=619787"},{"taxonomy":"post_tag","embeddable":true,"href":"https:\/\/www.europesays.com\/fr\/wp-json\/wp\/v2\/tags?post=619787"}],"curies":[{"name":"wp","href":"https:\/\/api.w.org\/{rel}","templated":true}]}}