{"id":619789,"date":"2025-12-24T11:03:18","date_gmt":"2025-12-24T11:03:18","guid":{"rendered":"https:\/\/www.europesays.com\/fr\/619789\/"},"modified":"2025-12-24T11:03:18","modified_gmt":"2025-12-24T11:03:18","slug":"quel-trafic-avant-larrivee-du-pere-noel","status":"publish","type":"post","link":"https:\/\/www.europesays.com\/fr\/619789\/","title":{"rendered":"quel trafic avant l&rsquo;arriv\u00e9e du P\u00e8re No\u00ebl\u00a0?"},"content":{"rendered":"<p>                    Par<br \/>\n        <strong><br \/>\n            <a href=\"https:\/\/actu.fr\/auteur\/redaction-nantes\" title=\"Consulter tous les articles de R\u00e9daction Nantes\" target=\"_blank\" rel=\"noopener\">R\u00e9daction Nantes<\/a><br \/>\n                    <\/strong><\/p>\n<p>        Publi\u00e9 le<\/p>\n<p>            24 d\u00e9c. 2025 \u00e0 10h20        <\/p>\n<p>Les feux sont au vert sur les routes de Loire-Atlantique, ce mercredi matin. <a href=\"https:\/\/www.bison-fute.gouv.fr\/courbes-bouchons,11025.html\" target=\"_blank\" rel=\"noopener\">Bison Fut\u00e9 <\/a>a recens\u00e9 un pic de 6 km de bouchons sur le p\u00e9riph\u00e9rique de Nantes, <b>le 24 d\u00e9cembre \u00e0 9 h 20<\/b>. Vigilance sur l\u2019A11 entre Nantes et Paris, un obstacle sur la route a \u00e9t\u00e9 signal\u00e9 \u00e0 hauteur de la commune de La Chapelle-sur-Erdre.\u00a0<\/p>\n<p>Les pr\u00e9visions de circulation avant l\u2019arriv\u00e9e du P\u00e8re No\u00ebl<\/p>\n<p class=\" wall-content\">Pour ce mercredi 24 d\u00e9cembre 2025, <a href=\"https:\/\/www.bison-fute.gouv.fr\/du-23-12-au-28-12.html\" target=\"_blank\" rel=\"noopener\">Bison Fut\u00e9 annonce une \u00ab\u00a0circulation difficile\u00a0\u00bb<\/a> <b>entre Paris et Nantes sur l\u2019A11 (dans le sens des d\u00e9parts)<\/b>. Pour le r\u00e9veillon de No\u00ebl, il est d\u00e9conseill\u00e9 d\u2019emprunter cet axe routier <b>entre 10 h et 19 h<\/b>.\u00a0<\/p>\n<p class=\" wall-content\">Personnalisez votre actualit\u00e9 en ajoutant vos villes et m\u00e9dias en favori avec <a href=\"https:\/\/moncompte.actu.fr\" title=\"D\u00e9couvez Mon Actu\" rel=\"nofollow noopener\" data-trk=\"{&quot;cta&quot;:{&quot;action&quot;:&quot;https:\\\/\\\/moncompte.actu.fr&quot;,&quot;category&quot;:&quot;mon compte&quot;,&quot;from&quot;:&quot;article footer&quot;,&quot;name&quot;:&quot;Mon actu&quot;,&quot;type&quot;:&quot;cta&quot;}}\" target=\"_blank\">Mon Actu<\/a>.<\/p>\n","protected":false},"excerpt":{"rendered":"Par R\u00e9daction Nantes Publi\u00e9 le 24 d\u00e9c. 2025 \u00e0 10h20 Les feux sont au vert sur les routes&hellip;\n","protected":false},"author":2,"featured_media":619790,"comment_status":"","ping_status":"","sticky":false,"template":"","format":"standard","meta":{"footnotes":""},"categories":[2818],"tags":[1111,11,4012,3542,1777,674,1011,27,803,766,12,2636,25,104],"class_list":{"0":"post-619789","1":"post","2":"type-post","3":"status-publish","4":"format-standard","5":"has-post-thumbnail","7":"category-nantes","8":"tag-actu","9":"tag-actualites","10":"tag-autoroute-11-a11","11":"tag-circulation","12":"tag-eu","13":"tag-europe","14":"tag-fr","15":"tag-france","16":"tag-info-trafic","17":"tag-nantes","18":"tag-news","19":"tag-pays-de-la-loire","20":"tag-republique-francaise","21":"tag-societe"},"share_on_mastodon":{"url":"https:\/\/pubeurope.com\/@fr\/115774213712203552","error":""},"_links":{"self":[{"href":"https:\/\/www.europesays.com\/fr\/wp-json\/wp\/v2\/posts\/619789","targetHints":{"allow":["GET"]}}],"collection":[{"href":"https:\/\/www.europesays.com\/fr\/wp-json\/wp\/v2\/posts"}],"about":[{"href":"https:\/\/www.europesays.com\/fr\/wp-json\/wp\/v2\/types\/post"}],"author":[{"embeddable":true,"href":"https:\/\/www.europesays.com\/fr\/wp-json\/wp\/v2\/users\/2"}],"replies":[{"embeddable":true,"href":"https:\/\/www.europesays.com\/fr\/wp-json\/wp\/v2\/comments?post=619789"}],"version-history":[{"count":0,"href":"https:\/\/www.europesays.com\/fr\/wp-json\/wp\/v2\/posts\/619789\/revisions"}],"wp:featuredmedia":[{"embeddable":true,"href":"https:\/\/www.europesays.com\/fr\/wp-json\/wp\/v2\/media\/619790"}],"wp:attachment":[{"href":"https:\/\/www.europesays.com\/fr\/wp-json\/wp\/v2\/media?parent=619789"}],"wp:term":[{"taxonomy":"category","embeddable":true,"href":"https:\/\/www.europesays.com\/fr\/wp-json\/wp\/v2\/categories?post=619789"},{"taxonomy":"post_tag","embeddable":true,"href":"https:\/\/www.europesays.com\/fr\/wp-json\/wp\/v2\/tags?post=619789"}],"curies":[{"name":"wp","href":"https:\/\/api.w.org\/{rel}","templated":true}]}}