{"id":619791,"date":"2025-12-24T11:04:18","date_gmt":"2025-12-24T11:04:18","guid":{"rendered":"https:\/\/www.europesays.com\/fr\/619791\/"},"modified":"2025-12-24T11:04:18","modified_gmt":"2025-12-24T11:04:18","slug":"de-la-neige-cette-nuit-voici-a-quoi-sattendre","status":"publish","type":"post","link":"https:\/\/www.europesays.com\/fr\/619791\/","title":{"rendered":"de la neige cette nuit, voici \u00e0 quoi s\u2019attendre"},"content":{"rendered":"<p>                    Par<br \/>\n        <strong><br \/>\n            <a href=\"https:\/\/actu.fr\/auteur\/thomas-bernard\" title=\"Consulter tous les articles de Thomas Bernard\" target=\"_blank\" rel=\"noopener\">Thomas Bernard<\/a><br \/>\n                    <\/strong><\/p>\n<p>        Publi\u00e9 le<\/p>\n<p>            24 d\u00e9c. 2025 \u00e0 11h33        <\/p>\n<p>Pour circuler dans le ciel nantais, <a href=\"https:\/\/actu.fr\/pays-de-la-loire\/nantes_44109\/nantes-c-est-ma-ville-natale-assure-le-pere-noel-dans-un-entretien-exclusif-et-un-peu-decale_56129865.html\" target=\"_blank\" rel=\"noopener\">le P\u00e8re No\u00ebl<\/a> devra sans doute s\u2019\u00e9quiper de lunettes de ski afin de pouvoir d\u00e9poser les cadeaux (uniquement pour les enfants sages) au pied du sapin. Selon plusieurs mod\u00e8les m\u00e9t\u00e9o,<b> quelques flocons devraient tomber dans la nuit de mercredi \u00e0 jeudi, \u00e0 Nantes<\/b>.<\/p>\n<p class=\" wall-content\">M\u00e9t\u00e9o France a plac\u00e9 <a href=\"https:\/\/actu.fr\/meteo\/neige-et-verglas-a-noel-la-loire-atlantique-placee-en-vigilance_63619242.html\" target=\"_blank\" rel=\"noopener\">le d\u00e9partement de Loire-Atlantique en vigilance jaune pour neige et verglas<\/a>, de minuit \u00e0 11\u2009h, ce jeudi 25\u00a0d\u00e9cembre 2025.<\/p>\n<p>De faibles chutes de neige<\/p>\n<p class=\" wall-content\">Apr\u00e8s avoir ouvert les cadeaux et d\u00e9gust\u00e9 de la b\u00fbche de No\u00ebl, les premiers flocons de neige devraient se joindre aux festivit\u00e9s. M\u00e9t\u00e9o France pr\u00e9voit des <a href=\"https:\/\/meteofrance.com\/previsions-meteo-france\/nantes\/44000\" target=\"_blank\" rel=\"noopener\">chutes de neige dans la seconde partie de la nuit<\/a>, <b>entre 0 et 1\u00a0cm<\/b>.<\/p>\n<p>    <a href=\"https:\/\/www.facebook.com\/plugins\/post.php?href=https%3A%2F%2Fwww.facebook.com%2Flameilleureinfometeo%2Fposts%2Fpfbid0sUC36ef6SVQsTMLDyPvUNRKFaWMCXYYvngMLa4qQhKT6QvuKkfMdrcR7nkmfA3Cpl&amp;show_text=true&amp;width=350\" title=\"Ouvrie le lien\" target=\"_blank\" rel=\"noopener\">Cliquez ici pour visualiser le contenu<\/a><\/p>\n<p class=\" wall-content\">Entre \u00c0 1\u2009h du matin, ce 25\u00a0d\u00e9cembre, le mercure devrait afficher -1\u00a0\u00b0C. Des temp\u00e9ratures n\u00e9gatives qui accentueront <b>le risque de verglas sur les routes pour cette nuit et jeudi matin<\/b>. La pr\u00e9fecture de Loire-Atlantique appelle \u00e0 la prudence au volant, en r\u00e9duisant la vitesse et en man\u0153uvrant en douceur.<\/p>\n<p>La r\u00e9daction d\u2019actu Nantes vous souhaite de belles f\u00eates de No\u00ebl.<\/p>\n<p class=\" wall-content\">Personnalisez votre actualit\u00e9 en ajoutant vos villes et m\u00e9dias en favori avec <a href=\"https:\/\/moncompte.actu.fr\" title=\"D\u00e9couvez Mon Actu\" rel=\"nofollow noopener\" data-trk=\"{&quot;cta&quot;:{&quot;action&quot;:&quot;https:\\\/\\\/moncompte.actu.fr&quot;,&quot;category&quot;:&quot;mon compte&quot;,&quot;from&quot;:&quot;article footer&quot;,&quot;name&quot;:&quot;Mon actu&quot;,&quot;type&quot;:&quot;cta&quot;}}\" target=\"_blank\">Mon Actu<\/a>.<\/p>\n","protected":false},"excerpt":{"rendered":"Par Thomas Bernard Publi\u00e9 le 24 d\u00e9c. 2025 \u00e0 11h33 Pour circuler dans le ciel nantais, le P\u00e8re&hellip;\n","protected":false},"author":2,"featured_media":619792,"comment_status":"","ping_status":"","sticky":false,"template":"","format":"standard","meta":{"footnotes":""},"categories":[2818],"tags":[1111,11,1777,674,1011,27,2357,766,10584,12,15830,2636,25,104],"class_list":{"0":"post-619791","1":"post","2":"type-post","3":"status-publish","4":"format-standard","5":"has-post-thumbnail","7":"category-nantes","8":"tag-actu","9":"tag-actualites","10":"tag-eu","11":"tag-europe","12":"tag-fr","13":"tag-france","14":"tag-meteo-france","15":"tag-nantes","16":"tag-neige","17":"tag-news","18":"tag-noel","19":"tag-pays-de-la-loire","20":"tag-republique-francaise","21":"tag-societe"},"share_on_mastodon":{"url":"https:\/\/pubeurope.com\/@fr\/115774218235505395","error":""},"_links":{"self":[{"href":"https:\/\/www.europesays.com\/fr\/wp-json\/wp\/v2\/posts\/619791","targetHints":{"allow":["GET"]}}],"collection":[{"href":"https:\/\/www.europesays.com\/fr\/wp-json\/wp\/v2\/posts"}],"about":[{"href":"https:\/\/www.europesays.com\/fr\/wp-json\/wp\/v2\/types\/post"}],"author":[{"embeddable":true,"href":"https:\/\/www.europesays.com\/fr\/wp-json\/wp\/v2\/users\/2"}],"replies":[{"embeddable":true,"href":"https:\/\/www.europesays.com\/fr\/wp-json\/wp\/v2\/comments?post=619791"}],"version-history":[{"count":0,"href":"https:\/\/www.europesays.com\/fr\/wp-json\/wp\/v2\/posts\/619791\/revisions"}],"wp:featuredmedia":[{"embeddable":true,"href":"https:\/\/www.europesays.com\/fr\/wp-json\/wp\/v2\/media\/619792"}],"wp:attachment":[{"href":"https:\/\/www.europesays.com\/fr\/wp-json\/wp\/v2\/media?parent=619791"}],"wp:term":[{"taxonomy":"category","embeddable":true,"href":"https:\/\/www.europesays.com\/fr\/wp-json\/wp\/v2\/categories?post=619791"},{"taxonomy":"post_tag","embeddable":true,"href":"https:\/\/www.europesays.com\/fr\/wp-json\/wp\/v2\/tags?post=619791"}],"curies":[{"name":"wp","href":"https:\/\/api.w.org\/{rel}","templated":true}]}}