{"id":619793,"date":"2025-12-24T11:05:25","date_gmt":"2025-12-24T11:05:25","guid":{"rendered":"https:\/\/www.europesays.com\/fr\/619793\/"},"modified":"2025-12-24T11:05:25","modified_gmt":"2025-12-24T11:05:25","slug":"ou-bouger-a-bordeaux-du-5-au-11-janvier","status":"publish","type":"post","link":"https:\/\/www.europesays.com\/fr\/619793\/","title":{"rendered":"O\u00f9 bouger \u00e0 Bordeaux du 5 au 11 janvier ?"},"content":{"rendered":"<p>\ud83e\udd73 Bonne nouvelle ann\u00e9e \u00e0 tous ! En 2026 rien ne bouge et notre agenda de la semaine revient pour te proposer des activit\u00e9s vari\u00e9es et originales. Bonne lecture ! \u2728<\/p>\n<p>LUNDI 05 JANVIER<\/p>\n<p>BOUGER POUR SA SANT<strong>\u00c9<\/strong> \u2013 ON AIR FITNESS<\/p>\n<p id=\"block-7bc1521d-3a17-44b4-9857-cae0e00f13ae\" style=\"font-size:16px\"><strong>Et si, cette ann\u00e9e, ta bonne r\u00e9solution ne restait pas une simple phrase prononc\u00e9e le 1er janvier ?<\/strong><br \/>Et si 2026 devenait enfin l\u2019ann\u00e9e o\u00f9 tu passes du \u00ab je devrais \u00bb au \u00ab je fais \u00bb ?<\/p>\n<p style=\"font-size:16px\">D\u00e9but janvier marque souvent un tournant. Une envie de repartir \u00e0 z\u00e9ro, de reprendre le contr\u00f4le, de se sentir mieux dans son corps comme dans sa t\u00eate. C\u2019est pr\u00e9cis\u00e9ment dans cet \u00e9tat d\u2019esprit que s\u2019inscrit le <strong>5 janvier<\/strong>, une invitation \u00e0 bouger et \u00e0 remettre le mouvement au c\u0153ur de ton quotidien, avec <strong>ON AIR Fitness<\/strong>.<\/p>\n<p style=\"font-size:16px\">Pr\u00e9sent \u00e0 <strong>Bordeaux Belv\u00e9d\u00e8re, Bassins \u00e0 Flot, M\u00e9rignac et Villenave-d\u2019Ornon<\/strong>, ON AIR Fitness ne se contente pas d\u2019\u00eatre une salle de sport de plus. Ici, l\u2019entra\u00eenement devient une exp\u00e9rience \u00e0 part enti\u00e8re. D\u00e8s l\u2019entr\u00e9e, l\u2019ambiance immersive, la musique soigneusement choisie et le design du lieu cr\u00e9ent une \u00e9nergie particuli\u00e8re, presque contagieuse. On ne vient pas seulement s\u2019entra\u00eener, on vient se d\u00e9passer.<\/p>\n<p style=\"font-size:16px\">Les espaces sont pens\u00e9s pour tous les profils et tous les objectifs : force et halt\u00e8res Hammer, cardio, halt\u00e9rophilie, hybrid training, espace ladies, musculation guid\u00e9e, cours collectifs, boxe et MMA\u2026 Sans oublier des lieux de vie comme le ON AIR Fitness Caf\u00e9, qui prolongent l\u2019exp\u00e9rience bien au-del\u00e0 de l\u2019effort.<\/p>\n<p style=\"font-size:16px\">Le tout avec une promesse simple et accessible : des <strong>abonnements sans engagement \u00e0 partir de 7,99 \u20ac par semaine<\/strong>. Une fa\u00e7on claire de lever les freins et de se concentrer sur l\u2019essentiel : avancer, \u00e0 son rythme, mais sans renoncer.<\/p>\n<p style=\"font-size:16px\">Et si le plus dur \u00e9tait simplement de commencer ?<br \/>Le <strong>5 janvier<\/strong>, ON AIR Fitness te propose de franchir le pas avec une <strong>s\u00e9ance d\u2019essai gratuite<\/strong>. Un premier entra\u00eenement, sans pression, pour ressentir l\u2019ambiance, l\u2019\u00e9nergie du lieu et, peut-\u00eatre, ce fameux d\u00e9clic.<\/p>\n<p style=\"font-size:16px\">Parce que bouger, ce n\u2019est pas seulement faire du sport.<br \/>C\u2019est prendre une d\u00e9cision.<br \/>Celle de se faire du bien, de se challenger, et de construire une ann\u00e9e qui te ressemble vraiment.<\/p>\n<p id=\"block-7bc1521d-3a17-44b4-9857-cae0e00f13ae\" style=\"font-size:16px\"><strong>Et si tout commen\u00e7ait l\u00e0 ?<\/strong><\/p>\n<p><img fetchpriority=\"high\" decoding=\"async\" width=\"1024\" height=\"683\" data-id=\"88269\" src=\"https:\/\/www.europesays.com\/fr\/wp-content\/uploads\/2025\/12\/DSCF2635-1024x683.jpg\" alt=\"\" class=\"wp-image-88269\"  \/><\/p>\n<p><img loading=\"lazy\" decoding=\"async\" width=\"1024\" height=\"683\" data-id=\"88270\" src=\"https:\/\/www.europesays.com\/fr\/wp-content\/uploads\/2025\/12\/ON-AIR-Villenave-Ouverture-11-1024x683.jpg\" alt=\"\" class=\"wp-image-88270\"  \/><\/p>\n<p class=\"has-text-align-center\" id=\"block-0ed68e1d-84d2-4471-95e0-794a8eb02f09\" style=\"font-size:16px\"><strong>On bouge ?<\/strong><br \/>\ud83d\udccd<strong>On Air Fitness<\/strong> \u2022 Bordeaux Belv\u00e9d\u00e8re \u2013 Bordeaux Bassins \u00e0 Flot \u2013 M\u00e9rignac \u2013 Villenave d\u2019Ornon<br \/>\ud83d\udcc5 Du lundi au vendredi : 6h \u00e0 23h \u2022 Du samedi au dimanche : 8h \u00e0 20h<br \/>\u27a1\ufe0f<a href=\"https:\/\/onair-fitness.fr\/les-clubs\/salle-de-sport-a-bordeaux\/\" target=\"_blank\" rel=\"noreferrer noopener\">Les 4 salles<\/a> <br \/>\ud83d\udcf2<a href=\"https:\/\/onair-fitness.fr\/\" target=\"_blank\" rel=\"noreferrer noopener\">Site web<\/a> \u2022 <a href=\"https:\/\/www.facebook.com\/onairfitnessclubs\/\" target=\"_blank\" rel=\"noreferrer noopener\">Facebook <\/a>\u2022 <a href=\"https:\/\/www.instagram.com\/onairfitness_officiel\/?hl=fr\" target=\"_blank\" rel=\"noreferrer noopener\">Instagram<\/a><\/p>\n<p>MARDI 06 JANVIER<\/p>\n<p>L\u2019ENGRENAGE COMEDY CLUB<\/p>\n<p id=\"block-a770828d-4903-493c-8fc9-a148e9833337\" style=\"font-size:16px\">Le stand-up s\u2019invite en plein c\u0153ur de Bordeaux avec <strong>l\u2019Engrenage Comedy Club<\/strong>, un rendez-vous incontournable pour les amateurs de rires ! <\/p>\n<p id=\"block-a770828d-4903-493c-8fc9-a148e9833337\" style=\"font-size:16px\"><strong>Tous les mardis et mercredis, six humoristes surprises<\/strong> montent sur sc\u00e8ne pour une heure de show dans un lieu intimiste et chaleureux. Que tu viennes entre amis, en famille ou avec des coll\u00e8gues, l\u2019ambiance est id\u00e9ale pour d\u00e9compresser et passer une <strong>soir\u00e9e conviviale<\/strong>. L\u2019entr\u00e9e est gratuite <strong>sur r\u00e9servation<\/strong>, et <strong>la sortie se fait au chapeau<\/strong> pour <strong>soutenir les artistes<\/strong>. Deux sessions sont propos\u00e9es \u00e0 <strong>19h et 21h<\/strong>, avec en bonus un<strong> happy hour<\/strong> pour bien commencer la soir\u00e9e !<\/p>\n<p><img loading=\"lazy\" decoding=\"async\" width=\"940\" height=\"470\" src=\"https:\/\/www.europesays.com\/fr\/wp-content\/uploads\/2025\/12\/engrenage.jpg\" alt=\"\" class=\"wp-image-88271\"  \/><\/p>\n<p class=\"has-text-align-center\" id=\"block-3910c078-1475-464f-bd9e-b1d209608797\" style=\"font-size:16px\"><strong>On bouge ?<\/strong><br \/>\ud83d\udccdL\u2019Engrenage\u00a0\u2022 8 Rue Castelnau d\u2019Auros, Bordeaux<br \/>\ud83d\udcc5 Mardi 6  janvier \u2022 \u00c0 19h ou 21h<br \/>\u27a1\ufe0f<a href=\"https:\/\/www.eventbrite.fr\/e\/billets-lengrenage-comedy-club-408271550197?aff=ehometext&amp;keep_tld=1\" target=\"_blank\" rel=\"noreferrer noopener\">R\u00e9servation<\/a><br \/>\ud83d\udcf2<a href=\"https:\/\/vintagegroup.fr\/lengrenage-bar-bordeaux-centre\/\" target=\"_blank\" rel=\"noreferrer noopener\">Site web<\/a> \u2022 <a href=\"https:\/\/www.instagram.com\/lengrenage_bordeaux\/\" target=\"_blank\" rel=\"noreferrer noopener\">Instagram<\/a><\/p>\n<p>MERCREDI 07 JANVIER<\/p>\n<p>PROJECTION &amp; RENCONTRE AVEC HERV\u00c9 LE TELLIER \u2013 STATION AUSONE<\/p>\n<p id=\"block-ee564c15-04ad-4380-8c9c-8f4845ae46f3\" style=\"font-size:16px\">Ne manque pas une rencontre exceptionnelle avec <strong>Herv\u00e9 Le Tellier<\/strong>, \u00e0 l\u2019occasion de la projection du documentaire r\u00e9alis\u00e9 par <strong>Bernard Faroux<\/strong>, tir\u00e9 de son livre Le nom sur le mur (Gallimard). L\u2019\u00e9v\u00e9nement se tient \u00e0 <strong>la Station Ausone<\/strong>, avec <strong>entr\u00e9e libre et gratuite<\/strong>, dans la limite des places disponibles.<\/p>\n<p style=\"font-size:16px\">Le documentaire raconte l\u2019histoire d\u2019<strong>Andr\u00e9 Chaix<\/strong>, jeune maquisard des FFI dans la Dr\u00f4me pendant l\u2019Occupation, et explore la m\u00e9moire de cette \u00e9poque, les id\u00e9aux pour lesquels il a donn\u00e9 sa vie et les questions sur notre humanit\u00e9.<\/p>\n<p id=\"block-ee564c15-04ad-4380-8c9c-8f4845ae46f3\" style=\"font-size:16px\">La projection sera diffus\u00e9e <strong>en direct sur la cha\u00eene <a href=\"https:\/\/www.youtube.com\/user\/LibrairieMollat\" target=\"_blank\" rel=\"noreferrer noopener\">YouTube <\/a>de la librairie Mollat<\/strong>. <\/p>\n<p><img loading=\"lazy\" decoding=\"async\" width=\"960\" height=\"502\" src=\"https:\/\/www.europesays.com\/fr\/wp-content\/uploads\/2025\/12\/herve-le-tellier.jpg\" alt=\"\" class=\"wp-image-88272\" style=\"aspect-ratio:1.9124175164967006;width:727px;height:auto\"  \/><\/p>\n<p class=\"has-text-align-center\" id=\"block-eb0fa1a3-4d3f-484b-a384-dc865e8201eb\" style=\"font-size:16px\"><strong>On bouge ?<\/strong><br \/>\ud83d\udccdStation Ausone \u2022 8 Rue de la Vieille Tour, Bordeaux<br \/>\ud83d\udcc5 Mercredi 7 janvier \u2022 18h \u00e0 19h30<br \/>\ud83d\udc9b Entr\u00e9e gratuite (dans la limite des places disponibles)<br \/>\u27a1\ufe0f<a href=\"https:\/\/www.mollat.com\/evenements\/herve-le-tellier-projection-rencontre-mollat-2025\" target=\"_blank\" rel=\"noreferrer noopener\">Lien \u00e9v\u00e8nement<\/a><br \/>\ud83d\udcf2<a href=\"https:\/\/www.mollat.com\/\" target=\"_blank\" rel=\"noreferrer noopener\">Site web<\/a> \u2022 <a href=\"https:\/\/www.instagram.com\/librairie_mollat\/\" target=\"_blank\" rel=\"noreferrer noopener\">Instagram <\/a>\u2022 <a href=\"https:\/\/www.facebook.com\/Librairiemollat\/\" target=\"_blank\" rel=\"noreferrer noopener\">Facebook<\/a><\/p>\n<p>JEUDI 08 JANVIER<\/p>\n<p>LA PUISSANCE DU TRAIT \u2013 MUSEE DES BEAUX-ARTS BORDEAUX<\/p>\n<p id=\"block-5471765b-593b-4e55-bc75-afaed8c830a7\" style=\"font-size:16px\">C\u2019est le moment id\u00e9al pour <strong>visiter le mus\u00e9e des Beaux-Arts de Bordeaux<\/strong> ! Le plus ancien mus\u00e9e municipal, fond\u00e9 en 1801. Sa <strong>collection permanente<\/strong> de peintures et sculptures europ\u00e9ennes te plonge dans l\u2019histoire de l\u2019art du 15\u1d49 au 20\u1d49 si\u00e8cle, avec des \u0153uvres de Titien, V\u00e9ron\u00e8se, Rubens, Delacroix, Rodin, Picasso ou Matisse. Les ailes Lacour et Bonheur offrent un parcours riche et immersif \u00e0 travers les grands courants artistiques.<\/p>\n<p id=\"block-5471765b-593b-4e55-bc75-afaed8c830a7\" style=\"font-size:16px\">Jusqu\u2019au <strong>23 f\u00e9vrier 2026<\/strong>, ne manque pas l\u2019accrochage <strong>\u00ab La Puissance du trait \u00bb<\/strong>, qui met \u00e0 l\u2019honneur quatre dessins de Delacroix, dont une \u00e9tude pr\u00e9paratoire \u00e0 La Gr\u00e8ce sur les ruines de Missolonghi, entr\u00e9e gr\u00e2ce au don de la Soci\u00e9t\u00e9 des Amis du mus\u00e9e. Une occasion parfaite pour combiner culture et d\u00e9couverte artistique. En bref, une belle sortie culturelle pour commencer l\u2019ann\u00e9e !<\/p>\n<p><img loading=\"lazy\" decoding=\"async\" width=\"1024\" height=\"683\" src=\"https:\/\/www.bougerabordeaux.com\/wp-content\/uploads\/2025\/12\/musee-1024x683.webp\" alt=\"\" class=\"wp-image-88273\" style=\"aspect-ratio:1.4992888417882142;width:638px;height:auto\"  \/><\/p>\n<p class=\"has-text-align-center\" id=\"block-35677c01-9bd7-48dd-8bb8-9f6003935e90\" style=\"font-size:16px\"><strong>On bouge ?<\/strong><br \/>\ud83d\udccd\u00a0Mus\u00e9e des Beaux-Arts Bordeaux \u2022 20, Cours d\u2019Albret, Bordeaux<br \/>\ud83d\udcc5 Ouvert de 11h \u00e0 18h, sauf les mardis et jours f\u00e9ri\u00e9s<br \/>\ud83d\udc9b Ouvert \u00e0 toutes et tous<br \/>\u27a1\ufe0f R\u00e9servation sur place \u2022 <a href=\"https:\/\/www.musba-bordeaux.fr\/la-puissance-du-trait\" target=\"_blank\" rel=\"noreferrer noopener\">exposition<\/a><br \/>\ud83d\udcf2<a href=\"https:\/\/www.musba-bordeaux.fr\/\" target=\"_blank\" rel=\"noreferrer noopener\">Site web<\/a> \u2022 <a href=\"https:\/\/www.instagram.com\/MusBA_bordeaux\/\" target=\"_blank\" rel=\"noreferrer noopener\">Instagram <\/a>\u2022 <a href=\"https:\/\/www.facebook.com\/MusBAbordeaux\/\" target=\"_blank\" rel=\"noreferrer noopener\">Facebook<\/a><\/p>\n<p>VENDREDI 09 JANVIER<\/p>\n<p>LE GARS BARR<strong>\u00c9<\/strong> \u2013 18 BOURBON STREET<\/p>\n<p id=\"block-b0aafdee-c68e-4776-a96c-ac2a48462632\" style=\"font-size:16px\"><strong>LE GARS BARR\u00c9<\/strong> d\u00e9barque \u00e0 Bordeaux !<\/p>\n<p style=\"font-size:16px\">Le rendez-vous gay friendly incontournable de <strong>l\u2019Exception Cabaret<\/strong> s\u2019installe pour une soir\u00e9e unique et d\u00e9jant\u00e9e au c\u0153ur de Bordeaux. Pr\u00e9pare-toi \u00e0 du <strong>show sans filtre, des performances br\u00fblantes et un dancefloor <\/strong>qui vibrera jusqu\u2019\u00e0 3 h du matin.<\/p>\n<p style=\"font-size:16px\">Au programme : <strong>LA BIG BERTHA<\/strong> (<strong>Drag Race France All Stars<\/strong>), <strong>MIKA RAMBAR<\/strong>, ic\u00f4ne toulousaine du GARS Barr\u00e9, le spectaculaire <strong>KITTEN FIGHT<\/strong> m\u00ealant drag et cirque, et <strong>SOREN LUKA<\/strong>, DJ international et r\u00e9sident du GARS Barr\u00e9.<\/p>\n<p style=\"font-size:16px\"><strong>Ouverture des portes : 19h30 | D\u00e9but du show : 21h | Club : 23h | Fin : 3h.<\/strong><br \/>Restauration sur place avec brochettes de gambas, mini bao, burgers, planches charcuterie et fromages.<\/p>\n<p id=\"block-b0aafdee-c68e-4776-a96c-ac2a48462632\" style=\"font-size:16px\">Viens comme tu es, et repars avec des souvenirs et des paillettes plein la t\u00eate !<\/p>\n<p><img loading=\"lazy\" decoding=\"async\" width=\"819\" height=\"1024\" src=\"https:\/\/www.europesays.com\/fr\/wp-content\/uploads\/2025\/12\/gars-barre-819x1024.jpg\" alt=\"\" class=\"wp-image-88274\" style=\"width:577px;height:auto\"  \/><\/p>\n<p class=\"has-text-align-center\" id=\"block-153d995c-ff6d-48a6-9f00-ef2704f61ba1\" style=\"font-size:16px\"><strong>On bouge ?<br \/><\/strong>\ud83d\udccd\u00a0Le Gars Barr\u00e9 \u2022 18 rue Bourbon, Bordeaux<br \/>\ud83d\udcc5 Vendredi 9 janvier \u2022 De 19h30 \u00e0 3h<br \/>\u27a1\ufe0f<a href=\"https:\/\/www.billetweb.fr\/gars-barre-12?fbclid=IwY2xjawO3TBpleHRuA2FlbQIxMABicmlkETB6SWdVeVo2ZTlUM3BGU2c5c3J0YwZhcHBfaWQQMjIyMDM5MTc4ODIwMDg5MgABHrziwkeYP5voMA7FMKJOsDfW2lg4h5G3c1ndfTccDH9jZLhIzqWJC5y8pg0X_aem_ASaso6nfvfAYeUB5V6W_og\" target=\"_blank\" rel=\"noreferrer noopener\">Billetterie<\/a> \u2022 <a href=\"https:\/\/www.lexceptionproduction.com\/garsbarre\" target=\"_blank\" rel=\"noreferrer noopener\">\u00e9v\u00e9nement<\/a><br \/>\ud83d\udcf2<a href=\"https:\/\/www.lexceptionproduction.com\/?fbclid=IwY2xjawO3TJ1leHRuA2FlbQIxMABicmlkETB6SWdVeVo2ZTlUM3BGU2c5c3J0YwZhcHBfaWQQMjIyMDM5MTc4ODIwMDg5MgABHtl41py6-looMuW_qkOZtdUADdCYgCM_ZHVNs-gXhnfky7fUKHL63gUOfcIN_aem_3ctjhAGegytu5Wz-NNPeTA\" target=\"_blank\" rel=\"noreferrer noopener\">Site web<\/a> \u2022 <a href=\"https:\/\/www.instagram.com\/lexceptionproduction\/?fbclid=IwY2xjawO3TK5leHRuA2FlbQIxMABicmlkETB6SWdVeVo2ZTlUM3BGU2c5c3J0YwZhcHBfaWQQMjIyMDM5MTc4ODIwMDg5MgABHrziwkeYP5voMA7FMKJOsDfW2lg4h5G3c1ndfTccDH9jZLhIzqWJC5y8pg0X_aem_ASaso6nfvfAYeUB5V6W_og#\" target=\"_blank\" rel=\"noreferrer noopener\">Instagram <\/a>\u2022 <a href=\"https:\/\/www.facebook.com\/lexceptionshows\" target=\"_blank\" rel=\"noreferrer noopener\">Facebook<\/a><\/p>\n<p>SAMEDI 10 JANVIER<\/p>\n<p>ENCORE UN MORCEAU ? \u2013 CAF<strong>\u00c9<\/strong> DES DOUVES<\/p>\n<p id=\"block-7901c0d0-2a30-43e3-b2ca-349ee5cd718a\" style=\"font-size:16px\"><strong>Un concert, un caf\u00e9 et des histoires\u2026<\/strong><\/p>\n<p style=\"font-size:16px\">C\u2019est la formule magique d\u2019<strong>Encore un Morceau ?<\/strong> En janvier, un quintette pas comme les autres t\u2019embarque dans l\u2019univers flamboyant des com\u00e9dies musicales. Cap sur Paris avec Un Am\u00e9ricain \u00e0 Paris sign\u00e9 Gershwin, laisse-toi emporter par la passion de West Side Story de Bernstein, puis savoure la douceur de Quiet City de Copland.<\/p>\n<p style=\"font-size:16px\">Sur sc\u00e8ne, <strong>instruments \u00e0 vent, piano et percussions<\/strong> se m\u00e9langent pour cr\u00e9er une exp\u00e9rience musicale unique, \u00e0 d\u00e9guster avec un caf\u00e9 dans une main et une part de g\u00e2teau dans l\u2019autre.<\/p>\n<p id=\"block-7901c0d0-2a30-43e3-b2ca-349ee5cd718a\" style=\"font-size:16px\">D\u00e9couvre la musique comme tu ne l\u2019as jamais vue ni entendue. <strong>Entr\u00e9e et participation libres.<\/strong><\/p>\n<p><img loading=\"lazy\" decoding=\"async\" width=\"1024\" height=\"536\" src=\"https:\/\/www.europesays.com\/fr\/wp-content\/uploads\/2025\/12\/quintette-1024x536.jpg\" alt=\"\" class=\"wp-image-88275\" style=\"width:770px;height:auto\"  \/><\/p>\n<p class=\"has-text-align-center\" id=\"block-4f420a6d-fd00-4193-b926-1fb432f51cc1\" style=\"font-size:16px\"><strong>On bouge ?<\/strong><br \/>\ud83d\udccdEncore un morceau ? \u2022 4B Rue des Douves, Bordeaux<br \/>\ud83d\udcc5 Samedi 10 janvier \u2022 \u00c0 11h<br \/>\ud83d\udc9b Entr\u00e9e libre \u2022 <a href=\"https:\/\/www.caprices-de-marianne.fr\/evenements\/encore-un-morceau-4\/\" target=\"_blank\" rel=\"noreferrer noopener\">\u00e9v\u00e9nement<\/a><br \/>\ud83d\udcf2\u00a0<a href=\"https:\/\/www.caprices-de-marianne.fr\/?fbclid=IwY2xjawO3TXNleHRuA2FlbQIxMABicmlkETB6SWdVeVo2ZTlUM3BGU2c5c3J0YwZhcHBfaWQQMjIyMDM5MTc4ODIwMDg5MgABHnrURM5q-gAK41fzNtY6M9jPUZmJDvl4kKbwohFpr0Ecqtk9ZX4ROfNYGdl-_aem_0hNPwoUm6gx5LZTQTHA3mg\" target=\"_blank\" rel=\"noreferrer noopener\">Site web<\/a> \u2022 <a href=\"https:\/\/www.instagram.com\/caprices_de_marianne\/\" target=\"_blank\" rel=\"noreferrer noopener\">Instagram <\/a>\u2022 <a href=\"https:\/\/www.facebook.com\/lescapricesdemariannelasso\/\" target=\"_blank\" rel=\"noreferrer noopener\">Facebook<\/a><\/p>\n<p>DIMANCHE 11 JANVIER<\/p>\n<p>ATELIER BLUES \u2013 TAP SWING<\/p>\n<p id=\"block-3d51f1b0-de9a-4023-989a-62d631f2f042\" style=\"font-size:16px\">Envie de t\u2019\u00e9vader et de te connecter \u00e0 la musique et \u00e0 votre partenaire ? Rejoins <strong>Benoit Calduch et Romane Soret<\/strong> pour un atelier de danse Blues, une danse de couple intimiste n\u00e9e du c\u0153ur du blues afro-am\u00e9ricain. Ici, pas de chor\u00e9graphies fig\u00e9es : on explore <strong>l\u2019improvisation, l\u2019\u00e9coute, la connexion<\/strong> et surtout le plaisir de danser ensemble.<\/p>\n<p style=\"font-size:16px\">Accessible \u00e0 tous les niveaux, que tu sois d\u00e9butant ou danseur confirm\u00e9, l\u2019atelier se d\u00e9roule <strong>le 11 janvier 2026, de 14h \u00e0 17h, \u00e0 l\u2019Atelier Sant\u00e9 \u00e0 Bordeaux<\/strong>. Solo ou en couple, viens exp\u00e9rimenter de nouvelles sensations.<\/p>\n<p style=\"font-size:16px\">PAF : 35 \u20ac non adh\u00e9rents \/ 29 \u20ac adh\u00e9rents. Au bout de 3 ateliers, le 4\u1d49 est offert (inscriptions via HelloAsso). Places limit\u00e9es pour un cadre convivial. R\u00e9serve vite !<\/p>\n<p><img loading=\"lazy\" decoding=\"async\" width=\"960\" height=\"376\" src=\"https:\/\/www.europesays.com\/fr\/wp-content\/uploads\/2025\/12\/tap-swing.jpg\" alt=\"\" class=\"wp-image-88277\" style=\"width:810px;height:auto\"  \/><\/p>\n<p class=\"has-text-align-center\" id=\"block-30a5e83b-76fc-404f-a0d9-9fdce105b756\" style=\"font-size:16px\"><strong>On bouge ?<\/strong><br \/>\ud83d\udccdSalle Atelier Sant\u00e9 \u2022 121 Cours Journu Auber, Bordeaux<br \/>\ud83d\udcc5 Dimanche 11 janvier \u2022 De 14h \u00e0 17h<br \/>\ud83d\udc9b Ouvert \u00e0 toutes et tous<br \/>\u27a1\ufe0f<a href=\"https:\/\/www.helloasso.com\/associations\/tap-swing-by-asptt\/evenements\/2eme-atelier-de-blues-11-janvier-2026-atelier-sante-de-14h-a-17h?fbclid=IwY2xjawO3T4ZleHRuA2FlbQIxMABicmlkETB6SWdVeVo2ZTlUM3BGU2c5c3J0YwZhcHBfaWQQMjIyMDM5MTc4ODIwMDg5MgABHnJp0DG3oyQJ3jVmlj77cHkc3aaltPktldROB44L9UcdSGP2IkZ1pVb9VmN2_aem_D2HgcX0Bk3-lsybnbNSKXQ\" target=\"_blank\" rel=\"noreferrer noopener\">Billetterie<\/a><br \/>\ud83d\udcf2\u00a0<a href=\"https:\/\/tapswingandco.fr\/?fbclid=IwY2xjawO3T8xleHRuA2FlbQIxMABicmlkETB6SWdVeVo2ZTlUM3BGU2c5c3J0YwZhcHBfaWQQMjIyMDM5MTc4ODIwMDg5MgABHu3T7Pan1oFHYEpyxILcPpZFOYDUdQoifXNi77dvpfwIbMmRB_VO_3vSYBvw_aem_pv5rex8l8sw8ih1r_4jD0g\" target=\"_blank\" rel=\"noreferrer noopener\">Site Web<\/a> \u2022 <a href=\"https:\/\/www.facebook.com\/tapswing\" target=\"_blank\" rel=\"noreferrer noopener\">Facebook <\/a>\u2022 <a href=\"https:\/\/www.instagram.com\/tapswingandco\/?fbclid=IwY2xjawO3T95leHRuA2FlbQIxMABicmlkETB6SWdVeVo2ZTlUM3BGU2c5c3J0YwZhcHBfaWQQMjIyMDM5MTc4ODIwMDg5MgABHthyUMuMv59rCgc1NtTsMca3MWwyYlkW7M3o58doX3JlNu9dlvJVHAEbhknX_aem_68PIb7l7FhAPzEo6IMrYxw#\" target=\"_blank\" rel=\"noreferrer noopener\">Instagram<\/a><\/p>\n<p id=\"block-4c734031-4105-403e-b09a-f3d008cbc105\" style=\"font-size:16px\">Alors tu bouges o\u00f9 cette semaine ?<\/p>\n<p id=\"block-31dd49de-ef8b-409c-9334-f3c46a17e04a\" style=\"font-size:16px\">couverture : \u00a9<strong>didie877<\/strong> (instagram)<\/p>\n<p id=\"block-a855ef9f-ff31-4ccd-a363-cc30d1f4f86a\" style=\"font-size:16px\">\u00c0 lire aussi : <a href=\"https:\/\/www.bougerabordeaux.com\/actu\/news\/pourquoi-la-nouvelle-aquitaine-est-elle-en-retard-en-anglais-et-comment-ca-timpacte\/\" target=\"_blank\" rel=\"noreferrer noopener\">Pourquoi la Nouvelle-Aquitaine est-elle en retard en anglais\u2026 et comment \u00e7a t\u2019impacte !<\/a><\/p>\n<p>\t\t<script async src=\"\/\/www.instagram.com\/embed.js\"><\/script><\/p>\n","protected":false},"excerpt":{"rendered":"\ud83e\udd73 Bonne nouvelle ann\u00e9e \u00e0 tous ! En 2026 rien ne bouge et notre agenda de la semaine&hellip;\n","protected":false},"author":2,"featured_media":619794,"comment_status":"","ping_status":"","sticky":false,"template":"","format":"standard","meta":{"footnotes":""},"categories":[2817],"tags":[1111,11,1997,1777,674,1011,27,12,2219,25],"class_list":{"0":"post-619793","1":"post","2":"type-post","3":"status-publish","4":"format-standard","5":"has-post-thumbnail","7":"category-bordeaux","8":"tag-actu","9":"tag-actualites","10":"tag-bordeaux","11":"tag-eu","12":"tag-europe","13":"tag-fr","14":"tag-france","15":"tag-news","16":"tag-nouvelle-aquitaine","17":"tag-republique-francaise"},"share_on_mastodon":{"url":"https:\/\/pubeurope.com\/@fr\/115774223217819233","error":""},"_links":{"self":[{"href":"https:\/\/www.europesays.com\/fr\/wp-json\/wp\/v2\/posts\/619793","targetHints":{"allow":["GET"]}}],"collection":[{"href":"https:\/\/www.europesays.com\/fr\/wp-json\/wp\/v2\/posts"}],"about":[{"href":"https:\/\/www.europesays.com\/fr\/wp-json\/wp\/v2\/types\/post"}],"author":[{"embeddable":true,"href":"https:\/\/www.europesays.com\/fr\/wp-json\/wp\/v2\/users\/2"}],"replies":[{"embeddable":true,"href":"https:\/\/www.europesays.com\/fr\/wp-json\/wp\/v2\/comments?post=619793"}],"version-history":[{"count":0,"href":"https:\/\/www.europesays.com\/fr\/wp-json\/wp\/v2\/posts\/619793\/revisions"}],"wp:featuredmedia":[{"embeddable":true,"href":"https:\/\/www.europesays.com\/fr\/wp-json\/wp\/v2\/media\/619794"}],"wp:attachment":[{"href":"https:\/\/www.europesays.com\/fr\/wp-json\/wp\/v2\/media?parent=619793"}],"wp:term":[{"taxonomy":"category","embeddable":true,"href":"https:\/\/www.europesays.com\/fr\/wp-json\/wp\/v2\/categories?post=619793"},{"taxonomy":"post_tag","embeddable":true,"href":"https:\/\/www.europesays.com\/fr\/wp-json\/wp\/v2\/tags?post=619793"}],"curies":[{"name":"wp","href":"https:\/\/api.w.org\/{rel}","templated":true}]}}