{"id":619799,"date":"2025-12-24T11:08:15","date_gmt":"2025-12-24T11:08:15","guid":{"rendered":"https:\/\/www.europesays.com\/fr\/619799\/"},"modified":"2025-12-24T11:08:15","modified_gmt":"2025-12-24T11:08:15","slug":"toulouse-le-stadium-ouvre-ses-portes-aux-feminines-du-tfc","status":"publish","type":"post","link":"https:\/\/www.europesays.com\/fr\/619799\/","title":{"rendered":"Toulouse. Le Stadium ouvre ses portes aux F\u00e9minines du TFC"},"content":{"rendered":"<p>&#13;&#13;<br \/>\n        &#13;&#13;<br \/>\n&#13;&#13;<br \/>\n        &#13;<br \/>\n&#13;&#13;<\/p>\n<p>            <a href=\"https:\/\/www.europesays.com\/fr\/wp-content\/uploads\/2025\/12\/stadium-pelouse.jpg\"><img fetchpriority=\"high\" decoding=\"async\" class=\"wp-image-26203\" src=\"https:\/\/www.europesays.com\/fr\/wp-content\/uploads\/2025\/12\/stadium-pelouse.jpg\" alt=\"Toulouse. Le Stadium ouvre ses portes aux F\u00e9minines du TFCcdr\" width=\"600\" height=\"450\"  \/><\/a>Toulouse. Le Stadium ouvre ses portes aux F\u00e9minines du TFC<br \/>cdr<\/p>\n<p><strong>Lors du dernier Conseil de la M\u00e9tropole le 18 d\u00e9cembre, Toulouse M\u00e9tropole a r\u00e9affirm\u00e9 son soutien au d\u00e9veloppement et \u00e0 la visibilit\u00e9 du sport f\u00e9minin en facilitant l\u2019acc\u00e8s au Stadium pour l\u2019\u00e9quipe f\u00e9minine de l\u2019association du Toulouse Football Club, r\u00e9cemment promue en Seconde Ligue.<\/strong><\/p>\n<p>Afin d\u2019accompagner la <a href=\"https:\/\/www.toulouseinfos.fr\/actualites\/sport\/65409-collegiens-visite-tfc.html\" target=\"_blank\" rel=\"noopener\">professionnalisation<\/a> du club et l\u2019obtention du label \u00ab Fan Exp\u00e9rience \u00bb, la M\u00e9tropole a approuv\u00e9 une exon\u00e9ration significative de la redevance d\u2019utilisation.<\/p>\n<p>B\u00e9n\u00e9ficier d\u2019infrastructures d\u2019\u00e9lite<\/p>\n<p>L\u2019\u00e9quipe pourra disputer quatre rencontres sur la pelouse d\u2019honneur : deux matchs en f\u00e9vrier et mars 2026, et deux autres rencontres organis\u00e9es au Stadium en marge des matchs de Ligue 1 masculine, sans surco\u00fbt.<\/p>\n<p>Cette initiative permet aux joueuses de b\u00e9n\u00e9ficier d\u2019infrastructures d\u2019\u00e9lite et d\u2019une grande capacit\u00e9 d\u2019accueil tout en soutenant le mod\u00e8le \u00e9conomique de la section f\u00e9minine qui d\u00e9pend de l\u2019association.<\/p>\n<p>\u00a0<\/p>\n<p style=\"text-align: right;\">La r\u00e9daction<\/p>\n<p>        &#13;&#13;<br \/>\n&#13;&#13;<br \/>\n        &#13;&#13;<br \/>\n            &#13;<br \/>\n            &#13;<br \/>\n&#13;&#13;<br \/>\n            &#13;&#13;<br \/>\n&#13;&#13;<br \/>\n            &#13;<br \/>\n            Article pr\u00e9c\u00e9dent<a href=\"https:\/\/www.toulouseinfos.fr\/actualites\/culture\/68660-spectacle-ecran-magique.html\" target=\"_blank\" rel=\"noopener\">Toulouse. Spectacle \u00ab\u00a0L\u2019\u00e9cran magique\u00a0\u00bb \u00e0 la M\u00e9diath\u00e8que Grand M<\/a>&#13;<br \/>\n            &#13;<br \/>\n            &#13;<br \/>\n        &#13;&#13;<br \/>\n&#13;&#13;<\/p>\n","protected":false},"excerpt":{"rendered":"&#13;&#13; &#13;&#13; &#13;&#13; &#13; &#13;&#13; Toulouse. Le Stadium ouvre ses portes aux F\u00e9minines du TFCcdr Lors du dernier&hellip;\n","protected":false},"author":2,"featured_media":619800,"comment_status":"","ping_status":"","sticky":false,"template":"","format":"standard","meta":{"footnotes":""},"categories":[2816],"tags":[1111,11,1777,674,1011,27,12,2680,25,2312],"class_list":{"0":"post-619799","1":"post","2":"type-post","3":"status-publish","4":"format-standard","5":"has-post-thumbnail","7":"category-toulouse","8":"tag-actu","9":"tag-actualites","10":"tag-eu","11":"tag-europe","12":"tag-fr","13":"tag-france","14":"tag-news","15":"tag-occitanie","16":"tag-republique-francaise","17":"tag-toulouse"},"share_on_mastodon":{"url":"https:\/\/pubeurope.com\/@fr\/115774234336743170","error":""},"_links":{"self":[{"href":"https:\/\/www.europesays.com\/fr\/wp-json\/wp\/v2\/posts\/619799","targetHints":{"allow":["GET"]}}],"collection":[{"href":"https:\/\/www.europesays.com\/fr\/wp-json\/wp\/v2\/posts"}],"about":[{"href":"https:\/\/www.europesays.com\/fr\/wp-json\/wp\/v2\/types\/post"}],"author":[{"embeddable":true,"href":"https:\/\/www.europesays.com\/fr\/wp-json\/wp\/v2\/users\/2"}],"replies":[{"embeddable":true,"href":"https:\/\/www.europesays.com\/fr\/wp-json\/wp\/v2\/comments?post=619799"}],"version-history":[{"count":0,"href":"https:\/\/www.europesays.com\/fr\/wp-json\/wp\/v2\/posts\/619799\/revisions"}],"wp:featuredmedia":[{"embeddable":true,"href":"https:\/\/www.europesays.com\/fr\/wp-json\/wp\/v2\/media\/619800"}],"wp:attachment":[{"href":"https:\/\/www.europesays.com\/fr\/wp-json\/wp\/v2\/media?parent=619799"}],"wp:term":[{"taxonomy":"category","embeddable":true,"href":"https:\/\/www.europesays.com\/fr\/wp-json\/wp\/v2\/categories?post=619799"},{"taxonomy":"post_tag","embeddable":true,"href":"https:\/\/www.europesays.com\/fr\/wp-json\/wp\/v2\/tags?post=619799"}],"curies":[{"name":"wp","href":"https:\/\/api.w.org\/{rel}","templated":true}]}}