{"id":619801,"date":"2025-12-24T11:09:14","date_gmt":"2025-12-24T11:09:14","guid":{"rendered":"https:\/\/www.europesays.com\/fr\/619801\/"},"modified":"2025-12-24T11:09:14","modified_gmt":"2025-12-24T11:09:14","slug":"la-madeleine-une-nouvelle-ressourcerie-va-ouvrir-ses-portes-avec-un-tas-dobjets-a-tout-petits-prix","status":"publish","type":"post","link":"https:\/\/www.europesays.com\/fr\/619801\/","title":{"rendered":"La Madeleine. Une nouvelle ressourcerie va ouvrir ses portes, avec un tas d\u2019objets \u00e0 tout petits prix"},"content":{"rendered":"<p>                    Par<br \/>\n        <strong><br \/>\n            <a href=\"https:\/\/actu.fr\/auteur\/nicolas-demollien\" title=\"Consulter tous les articles de Nicolas Demollien\" target=\"_blank\" rel=\"noopener\">Nicolas Demollien<\/a><br \/>\n                    <\/strong><\/p>\n<p>        Publi\u00e9 le<\/p>\n<p>            24 d\u00e9c. 2025 \u00e0 11h16        <\/p>\n<p>Si vous aimez la <a href=\"https:\/\/actu.fr\/tag\/seconde-main\" target=\"_blank\" rel=\"noopener\">seconde main<\/a> et les <b>bonnes affaires<\/b>, voil\u00e0 une excellente nouvelle\u2009! \u00c0 <a href=\"https:\/\/actu.fr\/hauts-de-france\/la-madeleine_59368\" target=\"_blank\" rel=\"noopener\">La Madeleine<\/a>, tout pr\u00e8s de <a href=\"https:\/\/actu.fr\/hauts-de-france\/lille_59350\" target=\"_blank\" rel=\"noopener\">Lille<\/a> (Nord), une nouvelle ressourcerie va ouvrir ses portes. Vous y trouverez des <b>dizaines d\u2019objets en tous genres<\/b> \u00e0 tout <b>petits prix<\/b>. L\u2019occasion de se faire plaisir et <b>d\u00e9nicher quelques p\u00e9pites<\/b>.<\/p>\n<p>Une ressourcerie \u00e0 petits prix va ouvrir \u00e0 La Madeleine<\/p>\n<p class=\" wall-content\">Cette ressourcerie, vous la trouverez rue Armand Ostande, \u00e0 deux pas de la <b>fronti\u00e8re avec le Vieux-Lille<\/b>.<\/p>\n<p class=\" wall-content\">C\u2019est <b>\u00ab\u2009Le Grenier\u2009\u00bb<\/b> qui sera \u00e0 la t\u00eate des lieux. Un v\u00e9ritable expert en ma mati\u00e8re puisqu\u2019il propose d\u00e9j\u00e0 ses trouvailles \u00e0 <a href=\"https:\/\/actu.fr\/hauts-de-france\/seclin_59560\" target=\"_blank\" rel=\"noopener\">Seclin<\/a>, <a href=\"https:\/\/actu.fr\/hauts-de-france\/bondues_59090\" target=\"_blank\" rel=\"noopener\">Bondues<\/a>, <a href=\"https:\/\/actu.fr\/hauts-de-france\/marquillies_59388\" target=\"_blank\" rel=\"noopener\">Marquillies<\/a> ou encore <a href=\"https:\/\/actu.fr\/hauts-de-france\/orchies_59449\" target=\"_blank\" rel=\"noopener\">Orchies<\/a>.<\/p>\n<p class=\" wall-content\">Sur place, vous trouverez tout ce qui fait le charme de ces lieux\u2009: des <b>objets d\u2019occasion<\/b> tels que de la vaisselle, des livres, de la d\u00e9co, des luminaires ou de l\u2019\u00e9lectrom\u00e9nager. Et ce n\u2019est pas tout avec des espaces consacr\u00e9s aux animaux, au jardinage, aux loisirs ou au bricolage. Bref, de quoi se faire plaisir.<\/p>\n<p class=\" wall-content\">Et de participer \u00e0 une <b>\u00e9conomie solidaire<\/b> puisque Le Grenier est l\u2019une des 33 filiales du<b>\u00a0<\/b>Groupe Vitamine T, sp\u00e9cialis\u00e9 dans l\u2019<b>insertion \u00e9conomique par le travail <\/b>(IAE). \u00ab\u2009Gr\u00e2ce \u00e0 notre gouvernance d\u00e9sint\u00e9ress\u00e9e, nous r\u00e9investissons 100\u2009% de nos b\u00e9n\u00e9fices dans notre mission sociale\u2009: la cr\u00e9ation d\u2019emplois pour celles et ceux qui en sont \u00e9loign\u00e9s\u2009\u00bb, assure l\u2019entreprise.<\/p>\n<p>    <a href=\"https:\/\/www.facebook.com\/plugins\/post.php?href=https%3A%2F%2Fwww.facebook.com%2FLeGrenierRessourcerie%2Fposts%2Fpfbid0LzdFqhurcsSiThkSSsa4gFhabryKcMegWiND78yMBE4WUdNEE4NpEGkhn4x7PTsTl&amp;show_text=true&amp;width=350\" title=\"Ouvrie le lien\" target=\"_blank\" rel=\"noopener\">Cliquez ici pour visualiser le contenu<\/a><\/p>\n<p class=\" wall-content\">Plus d\u2019infos sur le site <a href=\"https:\/\/ressourceries-legrenier.com\/\" target=\"_blank\" rel=\"noopener\">ressourceries-legrenier.com<\/a>.<\/p>\n<p class=\" wall-content\">Personnalisez votre actualit\u00e9 en ajoutant vos villes et m\u00e9dias en favori avec <a href=\"https:\/\/moncompte.actu.fr\" title=\"D\u00e9couvez Mon Actu\" rel=\"nofollow noopener\" data-trk=\"{&quot;cta&quot;:{&quot;action&quot;:&quot;https:\\\/\\\/moncompte.actu.fr&quot;,&quot;category&quot;:&quot;mon compte&quot;,&quot;from&quot;:&quot;article footer&quot;,&quot;name&quot;:&quot;Mon actu&quot;,&quot;type&quot;:&quot;cta&quot;}}\" target=\"_blank\">Mon Actu<\/a>.<\/p>\n","protected":false},"excerpt":{"rendered":"Par Nicolas Demollien Publi\u00e9 le 24 d\u00e9c. 2025 \u00e0 11h16 Si vous aimez la seconde main et les&hellip;\n","protected":false},"author":2,"featured_media":619802,"comment_status":"","ping_status":"","sticky":false,"template":"","format":"standard","meta":{"footnotes":""},"categories":[2815],"tags":[1111,11,1777,674,1011,27,811,1307,12,25,7167,104],"class_list":{"0":"post-619801","1":"post","2":"type-post","3":"status-publish","4":"format-standard","5":"has-post-thumbnail","7":"category-lille","8":"tag-actu","9":"tag-actualites","10":"tag-eu","11":"tag-europe","12":"tag-fr","13":"tag-france","14":"tag-hauts-de-france","15":"tag-lille","16":"tag-news","17":"tag-republique-francaise","18":"tag-seconde-main","19":"tag-societe"},"share_on_mastodon":{"url":"https:\/\/pubeurope.com\/@fr\/115774237281429720","error":""},"_links":{"self":[{"href":"https:\/\/www.europesays.com\/fr\/wp-json\/wp\/v2\/posts\/619801","targetHints":{"allow":["GET"]}}],"collection":[{"href":"https:\/\/www.europesays.com\/fr\/wp-json\/wp\/v2\/posts"}],"about":[{"href":"https:\/\/www.europesays.com\/fr\/wp-json\/wp\/v2\/types\/post"}],"author":[{"embeddable":true,"href":"https:\/\/www.europesays.com\/fr\/wp-json\/wp\/v2\/users\/2"}],"replies":[{"embeddable":true,"href":"https:\/\/www.europesays.com\/fr\/wp-json\/wp\/v2\/comments?post=619801"}],"version-history":[{"count":0,"href":"https:\/\/www.europesays.com\/fr\/wp-json\/wp\/v2\/posts\/619801\/revisions"}],"wp:featuredmedia":[{"embeddable":true,"href":"https:\/\/www.europesays.com\/fr\/wp-json\/wp\/v2\/media\/619802"}],"wp:attachment":[{"href":"https:\/\/www.europesays.com\/fr\/wp-json\/wp\/v2\/media?parent=619801"}],"wp:term":[{"taxonomy":"category","embeddable":true,"href":"https:\/\/www.europesays.com\/fr\/wp-json\/wp\/v2\/categories?post=619801"},{"taxonomy":"post_tag","embeddable":true,"href":"https:\/\/www.europesays.com\/fr\/wp-json\/wp\/v2\/tags?post=619801"}],"curies":[{"name":"wp","href":"https:\/\/api.w.org\/{rel}","templated":true}]}}