{"id":619809,"date":"2025-12-24T11:13:20","date_gmt":"2025-12-24T11:13:20","guid":{"rendered":"https:\/\/www.europesays.com\/fr\/619809\/"},"modified":"2025-12-24T11:13:20","modified_gmt":"2025-12-24T11:13:20","slug":"elle-refuse-de-quitter-son-airbnb-et-crache-sur-les-policiers","status":"publish","type":"post","link":"https:\/\/www.europesays.com\/fr\/619809\/","title":{"rendered":"elle refuse de quitter son Airbnb et crache sur les policiers"},"content":{"rendered":"<p itemprop=\"description\"><strong>Samedi dernier, un homme allait entrer dans le logement Airbnb qu&rsquo;il louait cours Tolsto\u00ef \u00e0 Villeurbanne.<\/strong><\/p>\n<p>Mais il a eu la d\u00e9sagr\u00e9able surprise de se rendre compte que la pr\u00e9c\u00e9dente locataire \u00e9tait encore pr\u00e9sente \u00e0 l&rsquo;int\u00e9rieur.<\/p>\n<p>Refusant de partir, l&rsquo;occupante a ensuite agress\u00e9 la propri\u00e9taire des lieux. Cette derni\u00e8re a donc appel\u00e9 la police \u00e0 la rescousse. Selon Le Progr\u00e8s, des policiers municipaux ont \u00e9t\u00e9 \u00e0 leur tour accueillis avec des insultes, mais \u00e9galement des crachats de la part de la femme finalement interpell\u00e9e.<\/p>\n<p>Une enqu\u00eate est en cours.<\/p>\n","protected":false},"excerpt":{"rendered":"Samedi dernier, un homme allait entrer dans le logement Airbnb qu&rsquo;il louait cours Tolsto\u00ef \u00e0 Villeurbanne. Mais il&hellip;\n","protected":false},"author":2,"featured_media":619810,"comment_status":"","ping_status":"","sticky":false,"template":"","format":"standard","meta":{"footnotes":""},"categories":[1889],"tags":[1111,11,2813,2190,2430,1109,251,1112,2811,1777,674,118,1011,27,1922,1110,1114,2428,2810,12,241,316,25,2812,517,800],"class_list":{"0":"post-619809","1":"post","2":"type-post","3":"status-publish","4":"format-standard","5":"has-post-thumbnail","7":"category-lyon","8":"tag-actu","9":"tag-actualites","10":"tag-article","11":"tag-asvel","12":"tag-auvergne-rhone-alpes","13":"tag-breves","14":"tag-culture","15":"tag-depeches","16":"tag-economique","17":"tag-eu","18":"tag-europe","19":"tag-faits-divers","20":"tag-fr","21":"tag-france","22":"tag-info","23":"tag-informations","24":"tag-infos","25":"tag-lyon","26":"tag-lyonmag","27":"tag-news","28":"tag-ol","29":"tag-politique","30":"tag-republique-francaise","31":"tag-sociale","32":"tag-sport","33":"tag-transports"},"share_on_mastodon":{"url":"https:\/\/pubeurope.com\/@fr\/115774253073917215","error":""},"_links":{"self":[{"href":"https:\/\/www.europesays.com\/fr\/wp-json\/wp\/v2\/posts\/619809","targetHints":{"allow":["GET"]}}],"collection":[{"href":"https:\/\/www.europesays.com\/fr\/wp-json\/wp\/v2\/posts"}],"about":[{"href":"https:\/\/www.europesays.com\/fr\/wp-json\/wp\/v2\/types\/post"}],"author":[{"embeddable":true,"href":"https:\/\/www.europesays.com\/fr\/wp-json\/wp\/v2\/users\/2"}],"replies":[{"embeddable":true,"href":"https:\/\/www.europesays.com\/fr\/wp-json\/wp\/v2\/comments?post=619809"}],"version-history":[{"count":0,"href":"https:\/\/www.europesays.com\/fr\/wp-json\/wp\/v2\/posts\/619809\/revisions"}],"wp:featuredmedia":[{"embeddable":true,"href":"https:\/\/www.europesays.com\/fr\/wp-json\/wp\/v2\/media\/619810"}],"wp:attachment":[{"href":"https:\/\/www.europesays.com\/fr\/wp-json\/wp\/v2\/media?parent=619809"}],"wp:term":[{"taxonomy":"category","embeddable":true,"href":"https:\/\/www.europesays.com\/fr\/wp-json\/wp\/v2\/categories?post=619809"},{"taxonomy":"post_tag","embeddable":true,"href":"https:\/\/www.europesays.com\/fr\/wp-json\/wp\/v2\/tags?post=619809"}],"curies":[{"name":"wp","href":"https:\/\/api.w.org\/{rel}","templated":true}]}}