{"id":619813,"date":"2025-12-24T11:16:18","date_gmt":"2025-12-24T11:16:18","guid":{"rendered":"https:\/\/www.europesays.com\/fr\/619813\/"},"modified":"2025-12-24T11:16:18","modified_gmt":"2025-12-24T11:16:18","slug":"de-la-neige-dans-les-yvelines-pour-les-fetes","status":"publish","type":"post","link":"https:\/\/www.europesays.com\/fr\/619813\/","title":{"rendered":"De la neige dans les Yvelines pour les f\u00eates ?"},"content":{"rendered":"\n<p>Il pourrait finalement neiger pour les f\u00eates de No\u00ebl cette ann\u00e9e. M\u00e9t\u00e9o France indique qu\u2019une vague de froid provenant de Moscou s\u2019installe sur la r\u00e9gion et pourrait laisser tomber quelques flocons. Les temp\u00e9ratures vont parfois difficilement d\u00e9passer les 0 degr\u00e9s. On pourrait m\u00eame atteindre les -7 dans la nuit. En revanche la neige reste capricieuse, seul 1 degr\u00e9 peut faire la diff\u00e9rence.<\/p>\n<p>!function(f,b,e,v,n,t,s){if(f.fbq)return;n=f.fbq=function(){n.callMethod?<br \/>\nn.callMethod.apply(n,arguments):n.queue.push(arguments)};if(!f._fbq)f._fbq=n;<br \/>\nn.push=n;n.loaded=!0;n.version=&rsquo;2.0&prime;;n.queue=[];t=b.createElement(e);t.async=!0;<br \/>\nt.src=v;s=b.getElementsByTagName(e)[0];s.parentNode.insertBefore(t,s)}(window,<br \/>\ndocument,&rsquo;script&rsquo;,&rsquo;https:\/\/connect.facebook.net\/en_US\/fbevents.js&rsquo;);<br \/>\nfbq(&lsquo;init&rsquo;, &lsquo;278974969201861&rsquo;); \/\/ Insert your pixel ID here.<br \/>\nfbq(&lsquo;track&rsquo;, &lsquo;PageView&rsquo;);<\/p>\n","protected":false},"excerpt":{"rendered":"Il pourrait finalement neiger pour les f\u00eates de No\u00ebl cette ann\u00e9e. M\u00e9t\u00e9o France indique qu\u2019une vague de froid&hellip;\n","protected":false},"author":2,"featured_media":619814,"comment_status":"","ping_status":"","sticky":false,"template":"","format":"standard","meta":{"footnotes":""},"categories":[1592],"tags":[1111,11,1777,674,1011,27,3447,662,2487,10584,12,15830,626,25,1938],"class_list":{"0":"post-619813","1":"post","2":"type-post","3":"status-publish","4":"format-standard","5":"has-post-thumbnail","7":"category-ile-de-france","8":"tag-actu","9":"tag-actualites","10":"tag-eu","11":"tag-europe","12":"tag-fr","13":"tag-france","14":"tag-froid","15":"tag-ile-de-france","16":"tag-meteo","17":"tag-neige","18":"tag-news","19":"tag-noel","20":"tag-paris","21":"tag-republique-francaise","22":"tag-yvelines"},"share_on_mastodon":{"url":"https:\/\/pubeurope.com\/@fr\/115774264730149328","error":""},"_links":{"self":[{"href":"https:\/\/www.europesays.com\/fr\/wp-json\/wp\/v2\/posts\/619813","targetHints":{"allow":["GET"]}}],"collection":[{"href":"https:\/\/www.europesays.com\/fr\/wp-json\/wp\/v2\/posts"}],"about":[{"href":"https:\/\/www.europesays.com\/fr\/wp-json\/wp\/v2\/types\/post"}],"author":[{"embeddable":true,"href":"https:\/\/www.europesays.com\/fr\/wp-json\/wp\/v2\/users\/2"}],"replies":[{"embeddable":true,"href":"https:\/\/www.europesays.com\/fr\/wp-json\/wp\/v2\/comments?post=619813"}],"version-history":[{"count":0,"href":"https:\/\/www.europesays.com\/fr\/wp-json\/wp\/v2\/posts\/619813\/revisions"}],"wp:featuredmedia":[{"embeddable":true,"href":"https:\/\/www.europesays.com\/fr\/wp-json\/wp\/v2\/media\/619814"}],"wp:attachment":[{"href":"https:\/\/www.europesays.com\/fr\/wp-json\/wp\/v2\/media?parent=619813"}],"wp:term":[{"taxonomy":"category","embeddable":true,"href":"https:\/\/www.europesays.com\/fr\/wp-json\/wp\/v2\/categories?post=619813"},{"taxonomy":"post_tag","embeddable":true,"href":"https:\/\/www.europesays.com\/fr\/wp-json\/wp\/v2\/tags?post=619813"}],"curies":[{"name":"wp","href":"https:\/\/api.w.org\/{rel}","templated":true}]}}