{"id":619817,"date":"2025-12-24T11:18:15","date_gmt":"2025-12-24T11:18:15","guid":{"rendered":"https:\/\/www.europesays.com\/fr\/619817\/"},"modified":"2025-12-24T11:18:15","modified_gmt":"2025-12-24T11:18:15","slug":"le-musee-de-la-vie-romantique-a-paris-rouvre-ses-portes-en-2026","status":"publish","type":"post","link":"https:\/\/www.europesays.com\/fr\/619817\/","title":{"rendered":"Le Mus\u00e9e de la Vie Romantique \u00e0 Paris rouvre ses portes en 2026"},"content":{"rendered":"<p>Ancienne demeure du peintre <strong>Ary Scheffer<\/strong>, le Mus\u00e9e de la Vie Romantique s\u00e9duit par son jardin romantique et son salon de th\u00e9 bucolique, offrant une exp\u00e9rience unique m\u00ealant art, musique et litt\u00e9rature. Parmi les mus\u00e9es gratuits de Paris, il occupe une place \u00e0 part. V\u00e9ritable havre de paix au c\u0153ur de Montmartre, il a accueilli des figures embl\u00e9matique du XIX\u00e8me si\u00e8cle, comme <strong>George Sand, Fr\u00e9d\u00e9ric Chopin<\/strong> ou <strong>Eug\u00e8ne Delacroix<\/strong>. Apr\u00e8s 17 mois de r\u00e9novation, ce joyau du romantisme rena\u00eet avec un parcours repens\u00e9, une exposition temporaire consacr\u00e9e \u00e0 <strong>Paul Huet<\/strong>, et une atmosph\u00e8re immersive qui s\u00e9duira autant les Parisiens que les visiteurs du monde entier.<\/p>\n<p>Un lieu charg\u00e9 d\u2019histoire<\/p>\n<p>Bien plus qu\u2019un simple mus\u00e9e, l\u2019ancienne maison d\u2019<strong>Ary Scheffer<\/strong> invite \u00e0 la d\u00e9couverte et \u00e0 la d\u00e9tente. Son jardin romantique, empli de roses au printemps, et son salon de th\u00e9 \u00e0 ciel ouvert, rappelant les d\u00e9cors raffin\u00e9s de Bridgerton, en font un lieu id\u00e9al pour une pause hors du temps. Depuis le XIX\u00e8me si\u00e8cle, \u00e9crivains et artistes s\u2019y r\u00e9unissaient pour \u00e9changer et cr\u00e9er, et cet esprit de convivialit\u00e9 artistique perdure encore aujourd\u2019hui.<\/p>\n<p>Ferm\u00e9 depuis le 16 septembre 2024, le mus\u00e9e a b\u00e9n\u00e9fici\u00e9 d\u2019une r\u00e9novation ambitieuse de 3,8 millions d\u2019euros, soutenue par la Ville de Paris et un appel aux dons. Le pavillon a \u00e9t\u00e9 restaur\u00e9 pour retrouver son apparence de 1830, et le parcours de visite a \u00e9t\u00e9 repens\u00e9 pour \u00eatre plus clair et accessible. Parmi les am\u00e9liorations : une signal\u00e9tique modernis\u00e9e, \u00e0 l\u2019int\u00e9rieur comme \u00e0 l\u2019ext\u00e9rieur, pour faciliter la circulation ; une accessibilit\u00e9 renforc\u00e9e pour les personnes \u00e0 mobilit\u00e9 r\u00e9duite ; des espaces du personnel r\u00e9am\u00e9nag\u00e9s pour de meilleures conditions de travail ; et des dispositifs immersifs permettant de d\u00e9couvrir la maison \u00e0 travers musique et litt\u00e9rature, recr\u00e9ant l\u2019atmosph\u00e8re artistique du XIXe si\u00e8cle. Ces travaux ont permis de recr\u00e9er une ambiance fid\u00e8le \u00e0 une maison d\u2019artiste du XIXe si\u00e8cle, tout en pr\u00e9servant le charme romantique qui a toujours fait la renomm\u00e9e du lieu.<\/p>\n<p><img decoding=\"async\" alt=\"Muse de la Vie romantique\" loading=\"lazy\" class=\"ResponsiveImageContainer-eNxvmU cfBbTk responsive-image__image\"   src=\"https:\/\/www.europesays.com\/fr\/wp-content\/uploads\/2025\/12\/AFP__20100305__1108818__v1__HighRes__1108818.jpg\"\/><\/p>\n<p>\u00a9 Xavier Richer \/ Photononstop via AFP<\/p>\n<p>Une exposition temporaire \u00e0 ne pas manquer<\/p>\n<p>Pour sa r\u00e9ouverture, le mus\u00e9e proposera \u00e9galement une exposition temporaire d\u00e9di\u00e9e \u00e0 <strong>Paul<\/strong> <strong>Huet<\/strong>, du 14 f\u00e9vrier au 31 ao\u00fbt 2026. Pr\u00e9curseur du paysage romantique, <strong>Huet<\/strong> peint des ciels et des paysages refl\u00e9tant les \u00e9motions humaines, parfois lumineuses, parfois tourment\u00e9es. Ses \u0153uvres seront mises en dialogue avec celles de <strong>Th\u00e9odore Rousseau, Eug\u00e8ne Delacroix, Paul Flandrin<\/strong> ou <strong>Gustave Courbet<\/strong>, offrant une plong\u00e9e compl\u00e8te dans le romantisme pictural. Le choix de la Saint-Valentin pour la r\u00e9ouverture n\u2019est pas anodin. Les visiteurs d\u00e9couvriront un parcours permanent enrichi, mettant en avant <strong>Ary Scheffer<\/strong>, le quartier de la Nouvelle Ath\u00e8nes et les artistes romantiques qui fr\u00e9quentaient ce pavillon au XIX\u00e8me si\u00e8cle. Les \u0153uvres litt\u00e9raires et la musique d\u2019\u00e9poque recr\u00e9eront l\u2019atmosph\u00e8re unique de cette maison d\u2019artiste. La fa\u00e7ade restaur\u00e9e, fid\u00e8le \u00e0 son style de 1830, et les int\u00e9rieurs soigneusement recr\u00e9\u00e9s font du mus\u00e9e un lieu \u00e0 la fois \u00e9l\u00e9gant et raffin\u00e9.<\/p>\n<p>Mus\u00e9e de la vie Romantique, 16 rue Chaptal, 75009, Paris.<\/p>\n","protected":false},"excerpt":{"rendered":"Ancienne demeure du peintre Ary Scheffer, le Mus\u00e9e de la Vie Romantique s\u00e9duit par son jardin romantique et&hellip;\n","protected":false},"author":2,"featured_media":619818,"comment_status":"","ping_status":"","sticky":false,"template":"","format":"standard","meta":{"footnotes":""},"categories":[1888],"tags":[1111,1928,11,1927,1777,674,1349,1011,27,7107,12,1926,626,1925,25],"class_list":{"0":"post-619817","1":"post","2":"type-post","3":"status-publish","4":"format-standard","5":"has-post-thumbnail","7":"category-paris","8":"tag-actu","9":"tag-actu-paris","10":"tag-actualites","11":"tag-actualites-paris","12":"tag-eu","13":"tag-europe","14":"tag-expositions","15":"tag-fr","16":"tag-france","17":"tag-musees","18":"tag-news","19":"tag-news-paris","20":"tag-paris","21":"tag-paris-news","22":"tag-republique-francaise"},"share_on_mastodon":{"url":"https:\/\/pubeurope.com\/@fr\/115774273703144296","error":""},"_links":{"self":[{"href":"https:\/\/www.europesays.com\/fr\/wp-json\/wp\/v2\/posts\/619817","targetHints":{"allow":["GET"]}}],"collection":[{"href":"https:\/\/www.europesays.com\/fr\/wp-json\/wp\/v2\/posts"}],"about":[{"href":"https:\/\/www.europesays.com\/fr\/wp-json\/wp\/v2\/types\/post"}],"author":[{"embeddable":true,"href":"https:\/\/www.europesays.com\/fr\/wp-json\/wp\/v2\/users\/2"}],"replies":[{"embeddable":true,"href":"https:\/\/www.europesays.com\/fr\/wp-json\/wp\/v2\/comments?post=619817"}],"version-history":[{"count":0,"href":"https:\/\/www.europesays.com\/fr\/wp-json\/wp\/v2\/posts\/619817\/revisions"}],"wp:featuredmedia":[{"embeddable":true,"href":"https:\/\/www.europesays.com\/fr\/wp-json\/wp\/v2\/media\/619818"}],"wp:attachment":[{"href":"https:\/\/www.europesays.com\/fr\/wp-json\/wp\/v2\/media?parent=619817"}],"wp:term":[{"taxonomy":"category","embeddable":true,"href":"https:\/\/www.europesays.com\/fr\/wp-json\/wp\/v2\/categories?post=619817"},{"taxonomy":"post_tag","embeddable":true,"href":"https:\/\/www.europesays.com\/fr\/wp-json\/wp\/v2\/tags?post=619817"}],"curies":[{"name":"wp","href":"https:\/\/api.w.org\/{rel}","templated":true}]}}