{"id":619823,"date":"2025-12-24T11:21:15","date_gmt":"2025-12-24T11:21:15","guid":{"rendered":"https:\/\/www.europesays.com\/fr\/619823\/"},"modified":"2025-12-24T11:21:15","modified_gmt":"2025-12-24T11:21:15","slug":"washington-propose-un-gel-du-front-les-questions-territoriales-en-suspens","status":"publish","type":"post","link":"https:\/\/www.europesays.com\/fr\/619823\/","title":{"rendered":"Washington propose un gel du front, les questions territoriales en suspens"},"content":{"rendered":"<p>La version initiale de ce texte avait \u00e9t\u00e9 pr\u00e9sent\u00e9e par Washington il y a pr\u00e8s d\u2019un mois et per\u00e7ue \u00e0 Kiev comme faisant la part belle aux demandes du Kremlin. Apr\u00e8s d\u2019\u00e2pres n\u00e9gociations entre Ukrainiens et Am\u00e9ricains, le plan n\u2019impose plus un retrait ukrainien du Donbass ni un engagement juridique de l\u2019Ukraine qu\u2019elle n\u2019int\u00e9grera pas l\u2019Otan, deux demandes importantes de Moscou dont l\u2019accord est loin d\u2019\u00eatre acquis.<\/p>\n<p>Volodymyr Zelensky a pr\u00e9sent\u00e9 aux journalistes <a href=\"https:\/\/www.sudouest.fr\/international\/europe\/ukraine\/guerre-en-ukraine-que-contient-la-nouvelle-version-du-plan-americain-en-20-points-27206645.php\" target=\"_blank\" rel=\"follow noopener\">cette nouvelle mouture en 20 points destin\u00e9e \u00e0 mettre fin au pire conflit sur le sol europ\u00e9en<\/a> depuis la Deuxi\u00e8me guerre mondiale. Ce texte doit d\u00e9sormais \u00eatre \u00e9tudi\u00e9 par la Russie. Interrog\u00e9 \u00e0 ce sujet mercredi 24\u00a0d\u00e9cembre, le porte-parole du Kremlin, Dmitri Peskov, a indiqu\u00e9 que Moscou \u00e9tait en train de \u00ab\u00a0formuler sa position\u00a0\u00bb et refus\u00e9 d\u2019en commenter les d\u00e9tails.<\/p>\n<p>Selon le pr\u00e9sident ukrainien, le texte ne pr\u00e9voit plus aucun retrait imm\u00e9diat des troupes ukrainiennes des quelque 20\u00a0% du territoire encore sous leur contr\u00f4le dans la r\u00e9gion orientale de Donetsk, objectif prioritaire de l\u2019arm\u00e9e russe. \u00ab\u00a0Nous sommes dans une situation o\u00f9 les Russes veulent que nous nous retirions de la r\u00e9gion de Donetsk, tandis que les Am\u00e9ricains tentent de trouver une solution\u00a0\u00bb, a d\u00e9clar\u00e9 Volodymyr Zelensky. Le nouveau document propose ainsi un gel du front aux lignes actuelles et que soient ouvertes des discussions sur la cr\u00e9ation de possibles zones d\u00e9militaris\u00e9es, qualifi\u00e9es de \u00ab\u00a0zones \u00e9conomiques sp\u00e9ciales\u00a0\u00bb par les n\u00e9gociateurs am\u00e9ricains.<\/p>\n<p>Aucune obligation sur l\u2019Otan<\/p>\n<p>\u00ab\u00a0Nous ne sommes pas parvenus \u00e0 un consensus avec la partie am\u00e9ricaine sur le territoire de Donetsk\u00a0\u00bb, a poursuivi Volodymyr Zelensky, plaidant pour une \u00ab\u00a0rencontre au niveau des dirigeants afin d\u2019aborder les questions sensibles\u00a0\u00bb avec les \u00c9tats-Unis. Pas de consensus non plus sur la centrale nucl\u00e9aire de Zaporijia, la plus grande d\u2019Europe, occup\u00e9e par la Russie depuis 2022 et situ\u00e9e dans le sud de l\u2019Ukraine. Selon Volodymyr Zelensky, les \u00c9tats-Unis proposent une gestion conjointe entre Moscou, Kiev et Washington, ce qu\u2019il consid\u00e8re \u00ab\u00a0tr\u00e8s inappropri\u00e9 et pas tout \u00e0 fait r\u00e9aliste\u00a0\u00bb.<\/p>\n<p>Autre demande capitale de Moscou retir\u00e9e de l\u2019accord\u00a0: l\u2019Ukraine n\u2019est plus tenue d\u2019abandonner formellement sa volont\u00e9 d\u2019adh\u00e9rer \u00e0 l\u2019Otan, ce qui a \u00e9t\u00e9 pr\u00e9sent\u00e9 par le Kremlin comme l\u2019une des causes du conflit. \u00ab\u00a0C\u2019est \u00e0 l\u2019Otan de d\u00e9cider si elle souhaite ou non accueillir l\u2019Ukraine parmi ses membres. Et notre choix est fait. Nous avons renonc\u00e9 \u00e0 modifier la Constitution ukrainienne pour y inscrire que le pays ne rejoindra pas l\u2019Otan\u00a0\u00bb, a annonc\u00e9 Volodymyr Zelensky.<\/p>\n<p>La version originale du plan r\u00e9dig\u00e9e par les \u00c9tats-Unis exigeait de Kiev un engagement juridique \u00e0 ne pas rejoindre l\u2019Alliance, dont l\u2019expansion est consid\u00e9r\u00e9e comme une menace existentielle par Moscou. L\u2019\u00e9ventualit\u00e9 d\u2019une adh\u00e9sion de l\u2019Ukraine \u00e0 l\u2019Otan est cependant mince car plusieurs pays membres, dont les \u00c9tats-Unis, s\u2019y opposent.<\/p>\n<p>\u00c9lections et r\u00e9f\u00e9rendum<\/p>\n<p>Le pr\u00e9sident ukrainien, dont le mandat a expir\u00e9 en mai 2024, a aussi assur\u00e9 que le document pr\u00e9voit qu\u2019il organise <a href=\"https:\/\/www.sudouest.fr\/international\/europe\/ukraine\/guerre-en-ukraine-volodymyr-zelensky-organisera-des-elections-apres-la-signature-d-un-accord-de-paix-27206535.php\" target=\"_blank\" rel=\"follow noopener\">une \u00e9lection pr\u00e9sidentielle \u00ab\u00a0d\u00e8s que possible\u00a0\u00bb apr\u00e8s la signature d\u2019un accord<\/a> mettant fin aux hostilit\u00e9s. Il a en revanche indiqu\u00e9 que tout accord pr\u00e9voyant un retrait des troupes ukrainiennes devait \u00eatre approuv\u00e9 par r\u00e9f\u00e9rendum par les Ukrainiens, ce qui n\u00e9cessiterait un cessez-le-feu de 60 jours.<\/p>\n<p>La Russie a jusqu\u2019\u00e0 pr\u00e9sent rejet\u00e9 toute demande de cessez-le-feu sans accord de r\u00e8glement du conflit \u00e0 long terme, estimant qu\u2019une pause dans les combats permettrait \u00e0 l\u2019Ukraine de se r\u00e9armer.<\/p>\n<p>Moscou n\u2019a pas r\u00e9agi pour le moment aux d\u00e9tails du plan am\u00e9ricain mais un responsable russe avait qualifi\u00e9 cette semaine les progr\u00e8s dans les n\u00e9gociations de \u00ab\u00a0lents\u00a0\u00bb et critiqu\u00e9 la position des alli\u00e9s europ\u00e9ens de Kiev, accus\u00e9s de chercher \u00e0 \u00ab\u00a0faire d\u00e9railler le processus diplomatique\u00a0\u00bb en poussant \u00e0 des modifications inacceptables pour la Russie. Des pourparlers directs entre Russes et Ukrainiens cette ann\u00e9e \u00e0 Istanbul n\u2019avaient abouti \u00e0 aucun r\u00e9sultat concret hormis des accords d\u2019\u00e9change de prisonniers et de d\u00e9pouilles de soldats tu\u00e9s.<\/p>\n","protected":false},"excerpt":{"rendered":"La version initiale de ce texte avait \u00e9t\u00e9 pr\u00e9sent\u00e9e par Washington il y a pr\u00e8s d\u2019un mois et&hellip;\n","protected":false},"author":2,"featured_media":619824,"comment_status":"","ping_status":"","sticky":false,"template":"","format":"standard","meta":{"footnotes":""},"categories":[1591],"tags":[11,1887,12,1885,1886,132],"class_list":{"0":"post-619823","1":"post","2":"type-post","3":"status-publish","4":"format-standard","5":"has-post-thumbnail","7":"category-russie","8":"tag-actualites","9":"tag-federation-de-russie","10":"tag-news","11":"tag-russia","12":"tag-russian-federation","13":"tag-russie"},"share_on_mastodon":{"url":"https:\/\/pubeurope.com\/@fr\/115774284479941534","error":""},"_links":{"self":[{"href":"https:\/\/www.europesays.com\/fr\/wp-json\/wp\/v2\/posts\/619823","targetHints":{"allow":["GET"]}}],"collection":[{"href":"https:\/\/www.europesays.com\/fr\/wp-json\/wp\/v2\/posts"}],"about":[{"href":"https:\/\/www.europesays.com\/fr\/wp-json\/wp\/v2\/types\/post"}],"author":[{"embeddable":true,"href":"https:\/\/www.europesays.com\/fr\/wp-json\/wp\/v2\/users\/2"}],"replies":[{"embeddable":true,"href":"https:\/\/www.europesays.com\/fr\/wp-json\/wp\/v2\/comments?post=619823"}],"version-history":[{"count":0,"href":"https:\/\/www.europesays.com\/fr\/wp-json\/wp\/v2\/posts\/619823\/revisions"}],"wp:featuredmedia":[{"embeddable":true,"href":"https:\/\/www.europesays.com\/fr\/wp-json\/wp\/v2\/media\/619824"}],"wp:attachment":[{"href":"https:\/\/www.europesays.com\/fr\/wp-json\/wp\/v2\/media?parent=619823"}],"wp:term":[{"taxonomy":"category","embeddable":true,"href":"https:\/\/www.europesays.com\/fr\/wp-json\/wp\/v2\/categories?post=619823"},{"taxonomy":"post_tag","embeddable":true,"href":"https:\/\/www.europesays.com\/fr\/wp-json\/wp\/v2\/tags?post=619823"}],"curies":[{"name":"wp","href":"https:\/\/api.w.org\/{rel}","templated":true}]}}