{"id":619830,"date":"2025-12-24T11:25:17","date_gmt":"2025-12-24T11:25:17","guid":{"rendered":"https:\/\/www.europesays.com\/fr\/619830\/"},"modified":"2025-12-24T11:25:17","modified_gmt":"2025-12-24T11:25:17","slug":"lallemagne-et-la-pologne-signent-un-accord-technologique-pour-un-systeme-satellitaire-militaire-avance","status":"publish","type":"post","link":"https:\/\/www.europesays.com\/fr\/619830\/","title":{"rendered":"L&rsquo;Allemagne et la Pologne signent un accord technologique pour un syst\u00e8me satellitaire militaire avanc\u00e9"},"content":{"rendered":"<p>Istanbul \/ Necva Tastan Sevinc<\/p>\n<p>L&rsquo;entreprise de d\u00e9fense allemande Rheinmetall a annonc\u00e9, mardi, avoir sign\u00e9 un accord de fourniture de technologie avec l&rsquo;entreprise de \u00ab deep-tech \u00bb polonaise SATIM Monitoring Satelitarny pour soutenir SPOCK-1, un programme de reconnaissance par satellite de nouvelle g\u00e9n\u00e9ration destin\u00e9 aux forces arm\u00e9es allemandes.<\/p>\n<p>Dans le cadre de ce contrat, SATIM agira en tant que fournisseur technologique, apportant des capacit\u00e9s bas\u00e9es sur l&rsquo;intelligence artificielle qui convertissent de grands volumes d&rsquo;imagerie radar \u00e0 synth\u00e8se d&rsquo;ouverture (SAR) en renseignements exploitables pour les clients militaires et de la d\u00e9fense.<\/p>\n<p>L&rsquo;accord officialise le r\u00f4le de SATIM au sein du portefeuille croissant de reconnaissance par satellite de Rheinmetall.<\/p>\n<p>Les satellites SAR permettent une surveillance continue du sol, de jour comme de nuit et par tous les temps, utilisant le radar plut\u00f4t que des capteurs optiques pour voir \u00e0 travers la couverture nuageuse, la fum\u00e9e, la pluie et l&rsquo;obscurit\u00e9. Ces capacit\u00e9s sont consid\u00e9r\u00e9es comme critiques pour les op\u00e9rations modernes de renseignement, de surveillance et de reconnaissance (ISR).<\/p>\n<p>Rheinmetall a pr\u00e9cis\u00e9 que le syst\u00e8me sera op\u00e9r\u00e9 depuis l&rsquo;Allemagne, renfor\u00e7ant les capacit\u00e9s nationales ISR et am\u00e9liorant la conscience situationnelle (situational awareness) dans le cadre de sa strat\u00e9gie d&rsquo;expansion au sein d&rsquo;\u00ab un espace de bataille de plus en plus num\u00e9rique et connect\u00e9 \u00bb.<\/p>\n<p>\u00ab Notre partenariat avec SATIM marque une autre \u00e9tape importante dans l&rsquo;avancement de la strat\u00e9gie de Rheinmetall \u00bb, a d\u00e9clar\u00e9 Timo Haas, PDG de Rheinmetall Electronics.<\/p>\n<p>Le PDG de SATIM, Jacek Strzelczyk, a d\u00e9crit l&rsquo;accord comme une fusion entre l&rsquo;innovation d&rsquo;une start-up et l&rsquo;exp\u00e9rience op\u00e9rationnelle d&rsquo;un acteur majeur mondial de la d\u00e9fense, ajoutant que le partenariat s&rsquo;aligne sur les exigences ISR et les priorit\u00e9s de s\u00e9curit\u00e9 nationale de l&rsquo;Allemagne.<\/p>\n<p>Le programme fournira \u00e0 la Bundeswehr, l&rsquo;arm\u00e9e nationale allemande, un acc\u00e8s exclusif \u00e0 une constellation de satellites radar, soutenant le flanc oriental de l&rsquo;OTAN et la 45e brigade blind\u00e9e allemande stationn\u00e9e en Lituanie.<\/p>\n<p>La production des premiers satellites devrait d\u00e9buter au troisi\u00e8me trimestre 2026 sur le site de Rheinmetall \u00e0 Neuss, en Allemagne, avec des op\u00e9rations pr\u00e9vues jusqu&rsquo;en 2030.<\/p>\n<p>* Traduit de l&rsquo;anglais par Mariem Njeh<\/p>\n<p>                            &#13;<br \/>\n                                <a href=\"https:\/\/www.aa.com.tr\/fr\/p\/abonnement\/1001\" target=\"_blank\" style=\"font-size:12px; color:#444; text-decoration:none;\" rel=\"noopener\">&#13;<br \/>\n                                    Seulement une partie des d\u00e9p\u00eaches, que l&rsquo;Agence Anadolu diffuse \u00e0 ses abonn\u00e9s via le Syst\u00e8me de Diffusion interne (HAS), est diffus\u00e9e sur le site de l&rsquo;AA, de mani\u00e8re r\u00e9sum\u00e9e. <b style=\"color:#1897F7\">Contactez-nous s&rsquo;il vous pla\u00eet pour vous abonner.<\/b>&#13;<br \/>\n                                <\/a>&#13;<\/p>\n","protected":false},"excerpt":{"rendered":"Istanbul \/ Necva Tastan Sevinc L&rsquo;entreprise de d\u00e9fense allemande Rheinmetall a annonc\u00e9, mardi, avoir sign\u00e9 un accord de&hellip;\n","protected":false},"author":2,"featured_media":619831,"comment_status":"","ping_status":"","sticky":false,"template":"","format":"standard","meta":{"footnotes":""},"categories":[1587],"tags":[11,672,1785,1804,1805,1803,1777,674,1801,223,12,2437,1802,72966],"class_list":{"0":"post-619830","1":"post","2":"type-post","3":"status-publish","4":"format-standard","5":"has-post-thumbnail","7":"category-allemagne","8":"tag-actualites","9":"tag-allemagne","10":"tag-anadolu-ajansi","11":"tag-bundesrepublik-deutschland","12":"tag-de","13":"tag-deutschland","14":"tag-eu","15":"tag-europe","16":"tag-germany","17":"tag-intelligence-artificielle","18":"tag-news","19":"tag-pologne","20":"tag-republique-federale-dallemagne","21":"tag-systme-satellitaire-militaire"},"share_on_mastodon":{"url":"https:\/\/pubeurope.com\/@fr\/115774300187524978","error":""},"_links":{"self":[{"href":"https:\/\/www.europesays.com\/fr\/wp-json\/wp\/v2\/posts\/619830","targetHints":{"allow":["GET"]}}],"collection":[{"href":"https:\/\/www.europesays.com\/fr\/wp-json\/wp\/v2\/posts"}],"about":[{"href":"https:\/\/www.europesays.com\/fr\/wp-json\/wp\/v2\/types\/post"}],"author":[{"embeddable":true,"href":"https:\/\/www.europesays.com\/fr\/wp-json\/wp\/v2\/users\/2"}],"replies":[{"embeddable":true,"href":"https:\/\/www.europesays.com\/fr\/wp-json\/wp\/v2\/comments?post=619830"}],"version-history":[{"count":0,"href":"https:\/\/www.europesays.com\/fr\/wp-json\/wp\/v2\/posts\/619830\/revisions"}],"wp:featuredmedia":[{"embeddable":true,"href":"https:\/\/www.europesays.com\/fr\/wp-json\/wp\/v2\/media\/619831"}],"wp:attachment":[{"href":"https:\/\/www.europesays.com\/fr\/wp-json\/wp\/v2\/media?parent=619830"}],"wp:term":[{"taxonomy":"category","embeddable":true,"href":"https:\/\/www.europesays.com\/fr\/wp-json\/wp\/v2\/categories?post=619830"},{"taxonomy":"post_tag","embeddable":true,"href":"https:\/\/www.europesays.com\/fr\/wp-json\/wp\/v2\/tags?post=619830"}],"curies":[{"name":"wp","href":"https:\/\/api.w.org\/{rel}","templated":true}]}}