{"id":619842,"date":"2025-12-24T11:34:20","date_gmt":"2025-12-24T11:34:20","guid":{"rendered":"https:\/\/www.europesays.com\/fr\/619842\/"},"modified":"2025-12-24T11:34:20","modified_gmt":"2025-12-24T11:34:20","slug":"un-champion-du-monde-sud-africain-bientot-en-france","status":"publish","type":"post","link":"https:\/\/www.europesays.com\/fr\/619842\/","title":{"rendered":"Un champion du monde sud-africain bient\u00f4t en France ?"},"content":{"rendered":"<p><strong>En fin de contrat avec les<br \/>\nYokohama Canon Eagles, Jesse Kriel pourrait d\u00e9barquer en Top 14<br \/>\nl&rsquo;an prochain, d&rsquo;apr\u00e8s le Daily Mail. Par ailleurs, Kyle Sinckler<br \/>\npourrait, lui, quitter Toulon pour redevenir s\u00e9lectionnable avec<br \/>\nl&rsquo;Angleterre.<\/strong><\/p>\n<p>Verra-t-on d\u2019ici quelques mois un nouveau double champion du<br \/>\nmonde de rugby \u00e9voluer en Top 14 ? Alors que Siya Kolisi a jou\u00e9 un<br \/>\npeu avec le Racing 92 lors de la saison 2023-24 apr\u00e8s avoir<br \/>\nd\u00e9croch\u00e9 un deuxi\u00e8me titre mondial en 2023 dans l\u2019Hexagone, un de<br \/>\nses co\u00e9quipiers pourrait \u00e0 l\u2019avenir rejoindre la France. En effet,<br \/>\nd\u2019apr\u00e8s le Daily Mail, Jesse Kriel pourrait prochainement<br \/>\nquitter le Japon et tenter sa chance en Europe.<\/p>\n<p>Alors qu\u2019il d\u00e9fend les couleurs des Yokohama Canon Eagles depuis<br \/>\n2020, le trois-quarts polyvalent de l\u2019Afrique du Sud (31 ans), qui<br \/>\npeut jouer centre, ailier et arri\u00e8re, ne serait pas contre un<br \/>\nd\u00e9part apr\u00e8s avoir pass\u00e9 cinq ans en Japan Rugby League One. Or,<br \/>\nd\u2019apr\u00e8s la presse anglaise, le CV de Kriel circulerait actuellement<br \/>\nen Top 14 et en Premiership. Redoutable attaquant, le joueur des<br \/>\nSpringboks compte actuellement 20 essais en 87 s\u00e9lections. Son<br \/>\nrecrutement serait forc\u00e9ment un tr\u00e8s gros coup sur le march\u00e9 des<br \/>\ntransferts.<\/p>\n<p><strong>Sinckler bient\u00f4t de retour<br \/>\nen Angleterre ?<\/strong><\/p>\n<p>Si le Top 14 pourrait donc d\u2019ici peu accueillir une nouvelle<br \/>\nstar, il pourrait \u00e9galement en perdre une l\u2019\u00e9t\u00e9 prochain. Toujours<br \/>\nselon les informations du Daily Mail, Kyle Sinckler r\u00e9fl\u00e9chirait \u00e0<br \/>\nrentrer en Angleterre en vue de la Coupe du monde 2027, qui se<br \/>\nd\u00e9roulera en Australie. Arriv\u00e9 \u00e0 Toulon en 2024 en provenance des<br \/>\nBristol Bears, le pilier droit s\u2019est rapidement impos\u00e9 comme un<br \/>\n\u00e9l\u00e9ment tr\u00e8s pr\u00e9cieux au RCT.<\/p>\n<p>Sous contrat jusqu\u2019en 2027 avec le club de la Rade, l\u2019Anglais va<br \/>\ndevoir faire un choix s\u2019il veut rejouer avec le XV de la Rose, lui<br \/>\nqui compte 68 s\u00e9lections avec son \u00e9quipe nationale et six avec les<br \/>\nLions britanniques et irlandais. Trois clubs qui \u00e9voluent en<br \/>\nPremiership suivraient d\u00e9j\u00e0 avec attention ce dossier, \u00e0 savoir<br \/>\nExeter, les Newcastle Red Bulls et Bath. De son c\u00f4t\u00e9, Steve<br \/>\nBorthwick ne serait sans doute pas contre de pouvoir faire appel \u00e0<br \/>\nune r\u00e9f\u00e9rence au poste de pilier droit.<\/p>\n","protected":false},"excerpt":{"rendered":"En fin de contrat avec les Yokohama Canon Eagles, Jesse Kriel pourrait d\u00e9barquer en Top 14 l&rsquo;an prochain,&hellip;\n","protected":false},"author":2,"featured_media":619843,"comment_status":"","ping_status":"","sticky":false,"template":"","format":"standard","meta":{"footnotes":""},"categories":[1416],"tags":[1011,27,72967,479,1468,72968,57681,60,478,2310],"class_list":{"0":"post-619842","1":"post","2":"type-post","3":"status-publish","4":"format-standard","5":"has-post-thumbnail","7":"category-rugby","8":"tag-fr","9":"tag-france","10":"tag-kriel","11":"tag-rugby","12":"tag-rugby-football","13":"tag-sinckler","14":"tag-sport365-fr","15":"tag-sports","16":"tag-top-14","17":"tag-toulon"},"share_on_mastodon":{"url":"https:\/\/pubeurope.com\/@fr\/115774335627769929","error":""},"_links":{"self":[{"href":"https:\/\/www.europesays.com\/fr\/wp-json\/wp\/v2\/posts\/619842","targetHints":{"allow":["GET"]}}],"collection":[{"href":"https:\/\/www.europesays.com\/fr\/wp-json\/wp\/v2\/posts"}],"about":[{"href":"https:\/\/www.europesays.com\/fr\/wp-json\/wp\/v2\/types\/post"}],"author":[{"embeddable":true,"href":"https:\/\/www.europesays.com\/fr\/wp-json\/wp\/v2\/users\/2"}],"replies":[{"embeddable":true,"href":"https:\/\/www.europesays.com\/fr\/wp-json\/wp\/v2\/comments?post=619842"}],"version-history":[{"count":0,"href":"https:\/\/www.europesays.com\/fr\/wp-json\/wp\/v2\/posts\/619842\/revisions"}],"wp:featuredmedia":[{"embeddable":true,"href":"https:\/\/www.europesays.com\/fr\/wp-json\/wp\/v2\/media\/619843"}],"wp:attachment":[{"href":"https:\/\/www.europesays.com\/fr\/wp-json\/wp\/v2\/media?parent=619842"}],"wp:term":[{"taxonomy":"category","embeddable":true,"href":"https:\/\/www.europesays.com\/fr\/wp-json\/wp\/v2\/categories?post=619842"},{"taxonomy":"post_tag","embeddable":true,"href":"https:\/\/www.europesays.com\/fr\/wp-json\/wp\/v2\/tags?post=619842"}],"curies":[{"name":"wp","href":"https:\/\/api.w.org\/{rel}","templated":true}]}}