{"id":619846,"date":"2025-12-24T11:39:18","date_gmt":"2025-12-24T11:39:18","guid":{"rendered":"https:\/\/www.europesays.com\/fr\/619846\/"},"modified":"2025-12-24T11:39:18","modified_gmt":"2025-12-24T11:39:18","slug":"hagens-berman-jayco-leffectif-2026-actualite","status":"publish","type":"post","link":"https:\/\/www.europesays.com\/fr\/619846\/","title":{"rendered":"Hagens Berman Jayco : L&rsquo;effectif 2026 &#8211; Actualit\u00e9"},"content":{"rendered":"<p>La Continentale\u00a0<strong><a href=\"https:\/\/www.directvelo.com\/equipe\/2378\/hagens-berman-jayco\" target=\"_blank\" rel=\"noopener\">Hagens Berman Jayco<\/a><\/strong> poss\u00e8de un effectif de treize \u00e9l\u00e9ments pour la saison 2026. La formation australienne, r\u00e9serve de la WorldTeam <strong><a href=\"https:\/\/www.directvelo.com\/equipe\/1139\/team-jayco-alula\" target=\"_blank\" rel=\"noopener\">Jayco AlUla<\/a><\/strong>, enregistre l&rsquo;arriv\u00e9e de sept coureurs. C\u00f4t\u00e9 d\u00e9part, <strong><a href=\"https:\/\/www.directvelo.com\/coureur\/43200\/hamish-mckenzie\" target=\"_blank\" rel=\"noopener\">Hamish<\/a><\/strong><strong><a href=\"https:\/\/www.directvelo.com\/coureur\/43200\/hamish-mckenzie\" target=\"_blank\" rel=\"noopener\"> McKenzie<\/a><\/strong> est le seul coureur promu pour 2026.<\/p>\n<p><strong>L&rsquo;effectif 2026 de <\/strong><strong>Hagens Berman Jayco<\/strong><strong> :<\/strong><br \/>Riccardo Colombo, 18 ans (UC Bustese Olonia)<br \/>David Gaffney, 18 ans (Villeneuve Cycliste)<br \/>Kieran Gordge, 20 ans (Obidos Cycling Team)<br \/>William Holmes, 19 ans<br \/>Carl Emil Just Pedersen, 19 ans<br \/>Vinnie Manion, 18 ans (Ara Skip Capital)<br \/>Daniel Moreira, 19 ans<br \/>Adam Rafferty, 20 ans\u00a0<br \/>Mattia Sambinello, 20 ans\u00a0<br \/>Giacomo Serangeli, 18 ans (Vangi Il Pirata)<br \/>Jed Smithson, 20 ans (Team Visma-Lease a Bike Development)<br \/>Jasper Verbrugge, 18 ans (Acrog-Tormans Junior)<br \/>Ben Wiggins, 20 ans<\/p>\n<p>Les d\u00e9parts :\u00a0Evan Boyle (?), Fergus Browning (Terengganu Cycling Team), Matthew Cole (?), William Eaves (?), Jesse Kramer (BEAT Cycling Club), Hamish McKenzie (Team Jayco AlUla), Darren Parham (?), Ruben Sanchez Cordoba (?) et Gon\u00e7alo Tavares (Efapel Cycling).<\/p>\n","protected":false},"excerpt":{"rendered":"La Continentale\u00a0Hagens Berman Jayco poss\u00e8de un effectif de treize \u00e9l\u00e9ments pour la saison 2026. La formation australienne, r\u00e9serve&hellip;\n","protected":false},"author":2,"featured_media":619847,"comment_status":"","ping_status":"","sticky":false,"template":"","format":"standard","meta":{"footnotes":""},"categories":[1411],"tags":[834,828,836,829,837,827,83,826,824,823,1154,207,814,817,815,816,822,821,832,211,839,1011,27,820,818,819,835,831,830,833,838,60,212,208,825],"class_list":{"0":"post-619846","1":"post","2":"type-post","3":"status-publish","4":"format-standard","5":"has-post-thumbnail","7":"category-cyclisme","8":"tag-attaque","9":"tag-belgique","10":"tag-braquet","11":"tag-bretagne","12":"tag-chute","13":"tag-competition","14":"tag-coupe-de-france","15":"tag-coureur","16":"tag-course-cyclisme","17":"tag-course-cycliste","18":"tag-cycling","19":"tag-cyclisme","20":"tag-direct","21":"tag-direct-velo","22":"tag-directvelo","23":"tag-directvelo-com","24":"tag-epreuve","25":"tag-epreuve-cycliste","26":"tag-federation-francaise-de-cyclisme","27":"tag-ffc","28":"tag-flandres","29":"tag-fr","30":"tag-france","31":"tag-live","32":"tag-live-course","33":"tag-live-epreuve","34":"tag-peloton","35":"tag-radio-peloton","36":"tag-radio-tour","37":"tag-ravitaillement","38":"tag-relance","39":"tag-sports","40":"tag-uci","41":"tag-velo","42":"tag-velos"},"share_on_mastodon":{"url":"https:\/\/pubeurope.com\/@fr\/115774355177497983","error":""},"_links":{"self":[{"href":"https:\/\/www.europesays.com\/fr\/wp-json\/wp\/v2\/posts\/619846","targetHints":{"allow":["GET"]}}],"collection":[{"href":"https:\/\/www.europesays.com\/fr\/wp-json\/wp\/v2\/posts"}],"about":[{"href":"https:\/\/www.europesays.com\/fr\/wp-json\/wp\/v2\/types\/post"}],"author":[{"embeddable":true,"href":"https:\/\/www.europesays.com\/fr\/wp-json\/wp\/v2\/users\/2"}],"replies":[{"embeddable":true,"href":"https:\/\/www.europesays.com\/fr\/wp-json\/wp\/v2\/comments?post=619846"}],"version-history":[{"count":0,"href":"https:\/\/www.europesays.com\/fr\/wp-json\/wp\/v2\/posts\/619846\/revisions"}],"wp:featuredmedia":[{"embeddable":true,"href":"https:\/\/www.europesays.com\/fr\/wp-json\/wp\/v2\/media\/619847"}],"wp:attachment":[{"href":"https:\/\/www.europesays.com\/fr\/wp-json\/wp\/v2\/media?parent=619846"}],"wp:term":[{"taxonomy":"category","embeddable":true,"href":"https:\/\/www.europesays.com\/fr\/wp-json\/wp\/v2\/categories?post=619846"},{"taxonomy":"post_tag","embeddable":true,"href":"https:\/\/www.europesays.com\/fr\/wp-json\/wp\/v2\/tags?post=619846"}],"curies":[{"name":"wp","href":"https:\/\/api.w.org\/{rel}","templated":true}]}}