{"id":619852,"date":"2025-12-24T11:43:31","date_gmt":"2025-12-24T11:43:31","guid":{"rendered":"https:\/\/www.europesays.com\/fr\/619852\/"},"modified":"2025-12-24T11:43:31","modified_gmt":"2025-12-24T11:43:31","slug":"a-douarnenez-quatre-artistes-aux-univers-varies-a-decouvrir-a-la-galerie-miettes-de-baleine","status":"publish","type":"post","link":"https:\/\/www.europesays.com\/fr\/619852\/","title":{"rendered":"\u00c0 Douarnenez, quatre artistes aux univers vari\u00e9s \u00e0 d\u00e9couvrir \u00e0 la galerie Miettes de baleine"},"content":{"rendered":"<p>La galerie associative Miettes de baleine, \u00e0 Douarnenez, accueille, depuis le 15 d\u00e9cembre et jusqu\u2019au 3 janvier 2026, une exposition collective r\u00e9unissant quatre artistes. Parmi eux, Marie-Laure Guennoc qui pr\u00e9sente ses broderies m\u00ealant \u00ab\u00a0un univers tr\u00e8s organique et intuitif\u00a0\u00bb. Cet art est assez nouveau pour elle. \u00ab\u00a0Je n\u2019ai commenc\u00e9 qu\u2019il y a sept ans donc je ne ma\u00eetrise pas encore tout, mais d\u2019un autre c\u00f4t\u00e9, cela me permet d\u2019explorer de nombreuses pistes et d\u2019effectuer des d\u00e9couvertes.\u00a0\u00bb<\/p>\n<p>\u00c0 c\u00f4t\u00e9 de ses cr\u00e9ations, les \u0153uvres d\u2019Yseult Houssais tranchent nettement. \u00ab\u00a0Mon univers m\u00eale le rock\u2019n\u2019roll et le Moyen \u00c2ge, dit-elle, sourire aux l\u00e8vres, devant ses grandes toiles et ses travaux en relief. C\u2019est une mani\u00e8re pour moi de d\u00e9velopper mon monde, d\u2019afficher ma marginalit\u00e9\u2026\u00a0\u00bb<\/p>\n<p>Les deux artistes sont aussi accompagn\u00e9es des \u0153uvres d\u2019Alexis Horellou (peinture, dessin et aquarelle) et des Juxtaposeuses (po\u00e9sie et collage). Plusieurs autres artistes sont aussi \u00e0 (re)d\u00e9couvrir dans la deuxi\u00e8me pi\u00e8ce de la galerie situ\u00e9e dans le centre de la ville.<\/p>\n<p>\u00ab\u00a0Une source d\u2019inspiration\u00a0\u00bb<\/p>\n<p>\u00ab\u00a0L\u2019objectif de Miettes de baleine est de <a href=\"https:\/\/www.letelegramme.fr\/finistere\/douarnenez-29100\/la-galerie-miettes-de-baleine-met-en-exergue-la-creation-artistique-de-la-jeunesse-douarneniste-6868827.php\" target=\"_blank\" rel=\"noopener\">proposer des arts et \u0153uvres diversifi\u00e9s<\/a>\u00a0\u00bb, justifie Yuna Le Braz, artiste, DJ et responsable de la galerie Miettes de Baleine, au sujet de ce large \u00e9ventail de mondes. Une initiative qui ravit d\u2019ailleurs les artistes qui exposent pour la premi\u00e8re fois dans le rep\u00e8re douarneniste. \u00ab\u00a0Chacun a son univers et cela nous permet de nous enrichir humainement et artistiquement\u00a0\u00bb, confirme Marie Laure Guennoc. \u00ab\u00a0Voir toutes ces \u0153uvres diff\u00e9rentes, c\u2019est une v\u00e9ritable source d\u2019inspiration\u00a0\u00bb, ajoute Yseult Houssais avant de conclure\u00a0: \u00ab\u00a0Venez nombreux\u00a0!\u00a0\u00bb<\/p>\n<p>\u00c0 noter qu\u2019un d\u00e9stockage de vinyles y a aussi lieu les 27 et 28 d\u00e9cembre 2025.<\/p>\n<p>Pratique<\/p>\n<p class=\"note\">3, rue du centre \u00e0 Douarnenez, t\u00e9l. 02\u00a098\u00a092\u00a049\u00a069, m\u00e9l. Miettesdebaleine@orange.fr<\/p>\n","protected":false},"excerpt":{"rendered":"La galerie associative Miettes de baleine, \u00e0 Douarnenez, accueille, depuis le 15 d\u00e9cembre et jusqu\u2019au 3 janvier 2026,&hellip;\n","protected":false},"author":2,"featured_media":619853,"comment_status":"","ping_status":"","sticky":false,"template":"","format":"standard","meta":{"footnotes":""},"categories":[1358],"tags":[3734,1348,1384,1385,1386,58,3320,59,3293,1011,27],"class_list":{"0":"post-619852","1":"post","2":"type-post","3":"status-publish","4":"format-standard","5":"has-post-thumbnail","7":"category-arts-et-design","8":"tag-art","9":"tag-arts","10":"tag-arts-and-design","11":"tag-arts-et-design","12":"tag-design","13":"tag-divertissement","14":"tag-douarnenez","15":"tag-entertainment","16":"tag-exposition","17":"tag-fr","18":"tag-france"},"share_on_mastodon":{"url":"https:\/\/pubeurope.com\/@fr\/115774370868874613","error":""},"_links":{"self":[{"href":"https:\/\/www.europesays.com\/fr\/wp-json\/wp\/v2\/posts\/619852","targetHints":{"allow":["GET"]}}],"collection":[{"href":"https:\/\/www.europesays.com\/fr\/wp-json\/wp\/v2\/posts"}],"about":[{"href":"https:\/\/www.europesays.com\/fr\/wp-json\/wp\/v2\/types\/post"}],"author":[{"embeddable":true,"href":"https:\/\/www.europesays.com\/fr\/wp-json\/wp\/v2\/users\/2"}],"replies":[{"embeddable":true,"href":"https:\/\/www.europesays.com\/fr\/wp-json\/wp\/v2\/comments?post=619852"}],"version-history":[{"count":0,"href":"https:\/\/www.europesays.com\/fr\/wp-json\/wp\/v2\/posts\/619852\/revisions"}],"wp:featuredmedia":[{"embeddable":true,"href":"https:\/\/www.europesays.com\/fr\/wp-json\/wp\/v2\/media\/619853"}],"wp:attachment":[{"href":"https:\/\/www.europesays.com\/fr\/wp-json\/wp\/v2\/media?parent=619852"}],"wp:term":[{"taxonomy":"category","embeddable":true,"href":"https:\/\/www.europesays.com\/fr\/wp-json\/wp\/v2\/categories?post=619852"},{"taxonomy":"post_tag","embeddable":true,"href":"https:\/\/www.europesays.com\/fr\/wp-json\/wp\/v2\/tags?post=619852"}],"curies":[{"name":"wp","href":"https:\/\/api.w.org\/{rel}","templated":true}]}}