{"id":619854,"date":"2025-12-24T11:46:25","date_gmt":"2025-12-24T11:46:25","guid":{"rendered":"https:\/\/www.europesays.com\/fr\/619854\/"},"modified":"2025-12-24T11:46:25","modified_gmt":"2025-12-24T11:46:25","slug":"star-academy-2025-les-eleves-en-larmes-leurs-proches-debarquent-au-chateau-pour-leur-faire-une-surprise","status":"publish","type":"post","link":"https:\/\/www.europesays.com\/fr\/619854\/","title":{"rendered":"Star Academy 2025 : Les \u00e9l\u00e8ves en larmes, leurs proches d\u00e9barquent au ch\u00e2teau pour leur faire une surprise !"},"content":{"rendered":"<p>Ce mercredi 24 d\u00e9cembre, les \u00e9l\u00e8ves de la Star Academy ont re\u00e7u une belle surprise. Leurs proches sont venus passer la matin\u00e9e avec eux.<\/p>\n<p>C&rsquo;est No\u00ebl avant l&rsquo;heure au ch\u00e2teau de la Star Academy. Le d\u00e9but de semaine a \u00e9t\u00e9 tr\u00e8s stressant pour les huit \u00e9l\u00e8ves encore en lice. Apr\u00e8s <a href=\"https:\/\/www.programme-tv.net\/news\/tv\/394587-je-t-aime-de-tout-mon-coeur-jeanne-eliminee-de-la-star-academy-2025-lucie-bernardoni-lui-fait-une-belle-declaration\/\" data-api-deeplink=\"teleloisirs:\/\/news\/394587\" rel=\"nofollow noopener\" target=\"_blank\">le d\u00e9part de Jeanne<\/a> lors du prime, ils ont appris les modalit\u00e9s des \u00e9valuations de la semaine. Mardi, <a href=\"https:\/\/www.programme-tv.net\/news\/tv\/394686-quoi-on-va-se-noter-nous-memes-les-eleves-de-la-star-academy-choques-ils-decouvrent-le-nouveau-fonctionnement-des-evaluations\/\" data-api-deeplink=\"teleloisirs:\/\/news\/394686\" rel=\"nofollow noopener\" target=\"_blank\">ils ont \u00e9chang\u00e9 leur place avec les professeurs<\/a> et se sont not\u00e9s eux-m\u00eames apr\u00e8s une \u00e9preuve de chant et une de danse. Un exercice assez compliqu\u00e9 d&rsquo;autant plus que la personne avec la plus haute moyenne remporte une immunit\u00e9 pour le prime. Samedi prochain, les autres candidats passeront une autre \u00e9valuation devant le public qui d\u00e9cidera de la personne \u00e0 \u00e9liminer.<\/p>\n<p>Mardi apr\u00e8s-midi, pour d\u00e9compresser,<a href=\"https:\/\/www.programme-tv.net\/news\/tv\/394714-star-academy-2025-la-belle-surprise-de-ladji-doucoure-aux-eleves-en-plein-cours-de-sport\/\" data-api-deeplink=\"teleloisirs:\/\/news\/394714\" rel=\"nofollow noopener\" target=\"_blank\"> Ladji Doucour\u00e9 leur a propos\u00e9 un cours de sport un peu particulier<\/a>. Il a demand\u00e9 \u00e0 <a href=\"https:\/\/www.programme-tv.net\/biographie\/193957-bernardoni-lucie\/\" data-link-people=\"13ff2c54-0956-4b20-a8ab-38b8298f8a49\" rel=\"nofollow noopener\" target=\"_blank\">Lucie Bernardoni<\/a> et Fanny Delaigue, les deux r\u00e9p\u00e9titrices, de se joindre aux \u00e9l\u00e8ves pour faire des petits jeux sportifs. Un moment de joie et de rire pour les acad\u00e9miciens qui ont oubli\u00e9 pendant un temps la comp\u00e9tition. Mais les surprises ne s&rsquo;arr\u00eatent pas l\u00e0 en cette fin d&rsquo;ann\u00e9e. Dans la soir\u00e9e, ils ont re\u00e7u un coup de t\u00e9l\u00e9phone de leur marraine, Charlotte Cardin, qui leur a expliqu\u00e9 qu&rsquo;<a href=\"https:\/\/www.programme-tv.net\/news\/tv\/394724-charlotte-cardin-annonce-le-deces-de-son-grand-pere-aux-eleves-de-la-star-academy-et-s-excuse-pour-son-absence-au-chateau-j-etais-censee-venir-vous-voir\/\" data-api-deeplink=\"teleloisirs:\/\/news\/394724\" rel=\"nofollow noopener\" target=\"_blank\">elle devait se rendre au ch\u00e2teau d\u00e9but d\u00e9cembre<\/a>, mais son grand-p\u00e8re est d\u00e9c\u00e9d\u00e9. Apr\u00e8s cette journ\u00e9e charg\u00e9e, les jeunes chanteurs sont partis se coucher pour \u00eatre en forme pour le lendemain.<\/p>\n<p>                        Les \u00e9l\u00e8ves de la Star Academy sous le choc apr\u00e8s avoir \u00e9t\u00e9 r\u00e9veill\u00e9s par leurs proches<\/p>\n<p>Ce mercredi 24 d\u00e9cembre, tout le monde dormait \u00e0 poings ferm\u00e9s quand plusieurs personnes sont arriv\u00e9es au ch\u00e2teau. Les proches des acad\u00e9miciens sont venus les surprendre en les tirant du lit. \u00ab\u00a0Mais&#8230; c&rsquo;est ma daronne meuf [&#8230;] Mais quoi ? Mais je comprends plus rien\u00a0\u00bb, lance M\u00e9lissa \u00e0 Ambre en d\u00e9couvrant sa m\u00e8re. Th\u00e9o aussi a \u00e9t\u00e9 r\u00e9veill\u00e9 par ses proches : \u00ab\u00a0Je savais qu&rsquo;il allait y avoir une dinguerie comme \u00e7a !\u00a0\u00bb, a-t-il lanc\u00e9.<\/p>\n<p>Tous les \u00e9l\u00e8ves ont \u00e9t\u00e9 surpris et les larmes ont coul\u00e9 pour certains. L\u00e9a s&rsquo;est effondr\u00e9e en retrouvant ses proches. Les acad\u00e9miciens ne sont pas pr\u00e8s d&rsquo;oublier ce beau cadeau de No\u00ebl. Ils vont maintenant passer une belle matin\u00e9e en famille, de quoi oublier un peu le prime \u00e0 venir.<\/p>\n","protected":false},"excerpt":{"rendered":"Ce mercredi 24 d\u00e9cembre, les \u00e9l\u00e8ves de la Star Academy ont re\u00e7u une belle surprise. Leurs proches sont&hellip;\n","protected":false},"author":2,"featured_media":619855,"comment_status":"","ping_status":"","sticky":false,"template":"","format":"standard","meta":{"footnotes":""},"categories":[1356],"tags":[244,58,59,1011,27,5095,72368,252,199,2175,1364],"class_list":{"0":"post-619854","1":"post","2":"type-post","3":"status-publish","4":"format-standard","5":"has-post-thumbnail","7":"category-television","8":"tag-commentaire","9":"tag-divertissement","10":"tag-entertainment","11":"tag-fr","12":"tag-france","13":"tag-star-academy","14":"tag-star-academy-apru00e8s-la-vie-de-chu00e2teau-2102024-0410-pm-tf1","15":"tag-television","16":"tag-tf1","17":"tag-tl-story","18":"tag-tv"},"share_on_mastodon":{"url":"https:\/\/pubeurope.com\/@fr\/115774382633107509","error":""},"_links":{"self":[{"href":"https:\/\/www.europesays.com\/fr\/wp-json\/wp\/v2\/posts\/619854","targetHints":{"allow":["GET"]}}],"collection":[{"href":"https:\/\/www.europesays.com\/fr\/wp-json\/wp\/v2\/posts"}],"about":[{"href":"https:\/\/www.europesays.com\/fr\/wp-json\/wp\/v2\/types\/post"}],"author":[{"embeddable":true,"href":"https:\/\/www.europesays.com\/fr\/wp-json\/wp\/v2\/users\/2"}],"replies":[{"embeddable":true,"href":"https:\/\/www.europesays.com\/fr\/wp-json\/wp\/v2\/comments?post=619854"}],"version-history":[{"count":0,"href":"https:\/\/www.europesays.com\/fr\/wp-json\/wp\/v2\/posts\/619854\/revisions"}],"wp:featuredmedia":[{"embeddable":true,"href":"https:\/\/www.europesays.com\/fr\/wp-json\/wp\/v2\/media\/619855"}],"wp:attachment":[{"href":"https:\/\/www.europesays.com\/fr\/wp-json\/wp\/v2\/media?parent=619854"}],"wp:term":[{"taxonomy":"category","embeddable":true,"href":"https:\/\/www.europesays.com\/fr\/wp-json\/wp\/v2\/categories?post=619854"},{"taxonomy":"post_tag","embeddable":true,"href":"https:\/\/www.europesays.com\/fr\/wp-json\/wp\/v2\/tags?post=619854"}],"curies":[{"name":"wp","href":"https:\/\/api.w.org\/{rel}","templated":true}]}}