{"id":619858,"date":"2025-12-24T11:50:33","date_gmt":"2025-12-24T11:50:33","guid":{"rendered":"https:\/\/www.europesays.com\/fr\/619858\/"},"modified":"2025-12-24T11:50:33","modified_gmt":"2025-12-24T11:50:33","slug":"a-la-poursuite-du-pere-noel-il-vaut-mieux-le-laisser-filer","status":"publish","type":"post","link":"https:\/\/www.europesays.com\/fr\/619858\/","title":{"rendered":"\u00ab\u00a0\u00c0 la poursuite du P\u00e8re No\u00ebl\u00a0\u00bb: il vaut mieux le laisser filer"},"content":{"rendered":"<p class=\"ap-StoryElement ap-StoryElement--mb ap-StoryText\">La suite n&rsquo;est pas bien compliqu\u00e9e \u00e0 deviner. Surtout si vous avez d\u00e9j\u00e0 vu <a href=\"https:\/\/www.dhnet.be\/medias\/cinema\/2025\/11\/27\/35-ans-plus-tard-macaulay-culkin-se-verrait-bien-revenir-dans-la-saga-maman-jai-rate-lavion-jai-une-idee-NYVSOBOAW5F2ZBMK4KYVNIYFAQ\/\" target=\"_self\" rel=\"noopener\">Maman, j&rsquo;ai rat\u00e9 l&rsquo;avion<\/a>. Tous les personnages sont en effet r\u00e9duits \u00e0 l&rsquo;\u00e9tat de caricatures b\u00eatasses, les m\u00e9chants \u00e9tant bien s\u00fbr pourris jusqu&rsquo;\u00e0 la moelle et la petite Zo\u00e9 faisant preuve d&rsquo;une ing\u00e9niosit\u00e9 diabolique pour se venger de son ennemi jur\u00e9. C\u00f4t\u00e9 surprises, c&rsquo;est donc loin d&rsquo;\u00eatre No\u00ebl avec cette accumulation de gags au premier degr\u00e9, style tarte \u00e0 la cr\u00e8me, et de situations d&rsquo;une ringardise sans nom.<\/p>\n<p><a href=\"https:\/\/www.dhnet.be\/medias\/2025\/12\/21\/la-femme-de-menage-le-phenomene-litteraire-debarque-au-cinema-notre-avis-sur-le-film-tant-attendu-EKZK6OFQPFALRDH6RTPPDPUTUM\/\" target=\"_self\" class=\"ap-StoryInterstitialLink ap-StoryElement ap-StoryElement--mb\" rel=\"noopener\">\u00ab\u00a0La femme de m\u00e9nage\u00a0\u00bb, le ph\u00e9nom\u00e8ne litt\u00e9raire d\u00e9barque au cin\u00e9ma: Notre avis sur le film tant attendu<\/a><\/p>\n<p class=\"ap-StoryElement ap-StoryElement--mb ap-StoryText\">James Huth disposait pourtant d&rsquo;un th\u00e8me (le harc\u00e8lement scolaire) et de d\u00e9cors int\u00e9ressants (un parc d&rsquo;attractions pour faire r\u00eaver), mais il ne les exploite quasiment pas. Au lieu de cela, il force le trait, demande \u00e0 ses interpr\u00e8tes d&rsquo;en faire des tonnes et plonge ses personnages dans des rebondissements aussi improbables que navrants.<\/p>\n<p class=\"ap-StoryElement ap-StoryElement--mb ap-StoryText\">Au-del\u00e0 de cinq ans, ce spectacle se r\u00e9v\u00e8le tout simplement irregardable. Et en dessous de cet \u00e2ge, on ne voit pas bien ce qui pourrait attirer un enfant. Bon courage aux parents qui se laisseraient malgr\u00e9 tout tenter.<\/p>\n<p class=\"ap-StoryElement ap-StoryElement--mb ap-StoryText\">A la poursuite du P\u00e8re No\u00ebl (0 \u00e9toile)<\/p>\n<p class=\"ap-StoryElement ap-StoryElement--mb ap-StoryText\">Com\u00e9die de James Huth. Avec Patrick Timsit et Th\u00e9a De Boeck. 1h37<\/p>\n","protected":false},"excerpt":{"rendered":"La suite n&rsquo;est pas bien compliqu\u00e9e \u00e0 deviner. Surtout si vous avez d\u00e9j\u00e0 vu Maman, j&rsquo;ai rat\u00e9 l&rsquo;avion.&hellip;\n","protected":false},"author":2,"featured_media":619859,"comment_status":"","ping_status":"","sticky":false,"template":"","format":"standard","meta":{"footnotes":""},"categories":[1354],"tags":[650,4228,58,59,1346,1011,27,72970,1360,72969,63636,72971],"class_list":{"0":"post-619858","1":"post","2":"type-post","3":"status-publish","4":"format-standard","5":"has-post-thumbnail","7":"category-films","8":"tag-cinema","9":"tag-comedie","10":"tag-divertissement","11":"tag-entertainment","12":"tag-films","13":"tag-fr","14":"tag-france","15":"tag-james-huth","16":"tag-movies","17":"tag-patrick-timsit","18":"tag-pere-noel","19":"tag-thea-de-boeck"},"share_on_mastodon":{"url":"https:\/\/pubeurope.com\/@fr\/115774398552954726","error":""},"_links":{"self":[{"href":"https:\/\/www.europesays.com\/fr\/wp-json\/wp\/v2\/posts\/619858","targetHints":{"allow":["GET"]}}],"collection":[{"href":"https:\/\/www.europesays.com\/fr\/wp-json\/wp\/v2\/posts"}],"about":[{"href":"https:\/\/www.europesays.com\/fr\/wp-json\/wp\/v2\/types\/post"}],"author":[{"embeddable":true,"href":"https:\/\/www.europesays.com\/fr\/wp-json\/wp\/v2\/users\/2"}],"replies":[{"embeddable":true,"href":"https:\/\/www.europesays.com\/fr\/wp-json\/wp\/v2\/comments?post=619858"}],"version-history":[{"count":0,"href":"https:\/\/www.europesays.com\/fr\/wp-json\/wp\/v2\/posts\/619858\/revisions"}],"wp:featuredmedia":[{"embeddable":true,"href":"https:\/\/www.europesays.com\/fr\/wp-json\/wp\/v2\/media\/619859"}],"wp:attachment":[{"href":"https:\/\/www.europesays.com\/fr\/wp-json\/wp\/v2\/media?parent=619858"}],"wp:term":[{"taxonomy":"category","embeddable":true,"href":"https:\/\/www.europesays.com\/fr\/wp-json\/wp\/v2\/categories?post=619858"},{"taxonomy":"post_tag","embeddable":true,"href":"https:\/\/www.europesays.com\/fr\/wp-json\/wp\/v2\/tags?post=619858"}],"curies":[{"name":"wp","href":"https:\/\/api.w.org\/{rel}","templated":true}]}}