{"id":61986,"date":"2025-04-29T14:23:08","date_gmt":"2025-04-29T14:23:08","guid":{"rendered":"https:\/\/www.europesays.com\/fr\/61986\/"},"modified":"2025-04-29T14:23:08","modified_gmt":"2025-04-29T14:23:08","slug":"dimanche-a-vendargues-musicien-lance-le-tempo-barras-termine-en-fanfare","status":"publish","type":"post","link":"https:\/\/www.europesays.com\/fr\/61986\/","title":{"rendered":"Dimanche \u00e0 Vendargues, Musicien lance le tempo, Barras termine en fanfare"},"content":{"rendered":"<p><strong>Entr\u00e9e\u00a0: 3\/4 d&rsquo;ar\u00e8ne.\u00a0Pr\u00e9sident\u00a0: Marc Moucadel.\u00a0Raseteurs droitiers\u00a0: Laurier, Fouque, Ayme, Oudjit.\u00a0Raseteurs gauchers\u00a0: Meric, Desfond, Andrieu, Mateo.\u00a0Tourneurs\u00a0: Ruiz, Gallibert, Sabde, Martin-Cocher.<\/strong><\/p>\n<p>La cinqui\u00e8me<a href=\"https:\/\/www.laprovence.com\/article\/sortie-loisirs\/1813153067514315\/course-camarguaise-3e-journee-de-la-main-dor-ce-dimanche-a-vendargues-as\" target=\"_blank\" rel=\"nofollow noopener\"> journ\u00e9e de la Main d&rsquo;Or<\/a>, course anti-inflation \u00e0 5\u00a0\u20ac disput\u00e9e dans le cadre du groupe 2, a attir\u00e9 une foule d&rsquo;un peu plus des trois quarts de la capacit\u00e9 de l&rsquo;ar\u00e8ne.<\/p>\n<p>Du c\u00f4t\u00e9 des blancs, l&rsquo;\u00e9quilibre \u00e9tait assur\u00e9 avec quatre hommes de chaque c\u00f4t\u00e9, mais le travail fut parfois un peu brouillon, anim\u00e9 d&rsquo;une vive intensit\u00e9, et les taureaux en ont pay\u00e9 le prix. Si Laurier a \u00e9t\u00e9 le chef de file, Andrieu a mis un moment \u00e0 retrouver ses marques apr\u00e8s l&rsquo;\u00e9motion intense v\u00e9cue avec Casca\u00ef.<\/p>\n<p>Quant aux noirs, Musicien a fait preuve de belles capacit\u00e9s, m\u00e9ritant une nouvelle attention, tout comme Canotier, impressionnant par sa spectaculaire prestation, et Barras, dont le comportement fantasque n&rsquo;est pas pass\u00e9 inaper\u00e7u.<\/p>\n<p><strong>LOU VIBRE (Beaumelles N\u00b0710).- <\/strong>G\u00e9n\u00e9ralement plac\u00e9 cul aux planches, il s\u00e9lectionne s\u00e9v\u00e8rement les invites. 1 Carmen en course et rentre ses 2 ficelles en silence.\u00a0<\/p>\n<p><strong>CASCA\u00cf (Guillierme N\u00b0539).-<\/strong>\u00a0Il a des cornes et il sait s&rsquo;en servir. Ayme en faisant les frais \u00e0 la 4&prime;, en glissant devant lui et rattrap\u00e9 \u00e0 la barri\u00e8re. Fort heureusement, il s&rsquo;en sort avec une grosse frayeur\u00a0! S&rsquo;ensuivent des belles s\u00e9ries devant la pr\u00e9sidence lui valant 7 Carmen. Rentre 1 ficelle et 2 coups de crochets au dessus de l&rsquo;\u0153il en musique.<\/p>\n<p><strong>MUSICIEN (Saint-L\u00e9onard N\u00b0811).-\u00a0<\/strong>Ne refuse rien et il sait se d\u00e9gager lorsqu&rsquo;il est trop accul\u00e9. Anticipe sur Ayme, M\u00e9ric, Desfond, Laurier. Sur une belle s\u00e9rie les rasets bien consenti se terminent aux bois et fini sur l&rsquo;estribo apr\u00e8s Desfond, Ayme et Andrieu. 8 Carmen et rentre ses 2 ficelles en musique.<\/p>\n<p><strong>TIRE-PEU (Caillan N\u00b0526).-<\/strong>\u00a0D\u00e9bute bien en prenant tout ce qu&rsquo;il se pr\u00e9sente avec 1 Carmen. Petit \u00e0 petit s\u00e9lectionne et ne terminant pas ses actions. Rentre d\u00e9pouill\u00e9 \u00e0 la 12&rsquo;en silence.<\/p>\n<p><strong>FIGARI (M\u00e9janes N\u00b0737).-\u00a0<\/strong>Perd ses attributs en 1&prime;. Les assauts lui valent 4 Carmen mais la ru\u00e9e vers l&rsquo;or est lanc\u00e9e. La premi\u00e8re ficelle \u00e0 la 5&rsquo;et la seconde \u00e0 7&prime;. Rentre d\u00e9pouill\u00e9 en silence.<\/p>\n<p><strong>CANOTIER (Lagarde N\u00b0825).-\u00a0<\/strong>Saute d&rsquo;entr\u00e9e et annonce la couleur. Il ne refuse rien est ses attributs partis en 1&prime;. La machine se met en route et saute apr\u00e8s Laurier, Fouque x2, Oudjit, M\u00e9ric, s&rsquo;envole apr\u00e8s Ayme le tout 6 fois en musique. G\u00e9n\u00e9reux, rentre \u00e0 la 9&prime; d\u00e9pouill\u00e9 avec les honneurs.<\/p>\n<p><strong>BARRAS (Nicollin N\u00b0904- hp- pour 12&prime;.).-\u00a0<\/strong>S&rsquo;envole apr\u00e8s Laurier sur le raset d&rsquo;attaque et donne le ton. \u00c0 l&rsquo;aff\u00fbt de toute tentative, saute (12 fois) apr\u00e8s les blancs et m\u00e9chantas va les chercher aux tubes. Le cercle s&rsquo;\u00e9largit consid\u00e9rablement ou seul son 1er gland sera lev\u00e9 par Mat\u00e9o. Laurier restant son principal adversaire. Rentre sa cocarde avec une pl\u00e9thore de Carmen et retour.<\/p>\n<p>Oudjit (18), Fouque (14), Ayme (9), Mateo (8).<\/p>\n","protected":false},"excerpt":{"rendered":"Entr\u00e9e\u00a0: 3\/4 d&rsquo;ar\u00e8ne.\u00a0Pr\u00e9sident\u00a0: Marc Moucadel.\u00a0Raseteurs droitiers\u00a0: Laurier, Fouque, Ayme, Oudjit.\u00a0Raseteurs gauchers\u00a0: Meric, Desfond, Andrieu, Mateo.\u00a0Tourneurs\u00a0: Ruiz, Gallibert, Sabde,&hellip;\n","protected":false},"author":2,"featured_media":61987,"comment_status":"","ping_status":"","sticky":false,"template":"","format":"standard","meta":{"footnotes":""},"categories":[9599],"tags":[17,1111,11,3270,13912,6466,6664,1777,674,1011,27,9447,2208,14224,12,2680,16,25,13913],"class_list":{"0":"post-61986","1":"post","2":"type-post","3":"status-publish","4":"format-standard","5":"has-post-thumbnail","7":"category-montpellier","8":"tag-17","9":"tag-actu","10":"tag-actualites","11":"tag-avril","12":"tag-camarguaise","13":"tag-course","14":"tag-dimanche","15":"tag-eu","16":"tag-europe","17":"tag-fr","18":"tag-france","19":"tag-lance","20":"tag-montpellier","21":"tag-musicien","22":"tag-news","23":"tag-occitanie","24":"tag-region","25":"tag-republique-francaise","26":"tag-vendargues"},"share_on_mastodon":{"url":"https:\/\/pubeurope.com\/@fr\/114421707879716783","error":""},"_links":{"self":[{"href":"https:\/\/www.europesays.com\/fr\/wp-json\/wp\/v2\/posts\/61986","targetHints":{"allow":["GET"]}}],"collection":[{"href":"https:\/\/www.europesays.com\/fr\/wp-json\/wp\/v2\/posts"}],"about":[{"href":"https:\/\/www.europesays.com\/fr\/wp-json\/wp\/v2\/types\/post"}],"author":[{"embeddable":true,"href":"https:\/\/www.europesays.com\/fr\/wp-json\/wp\/v2\/users\/2"}],"replies":[{"embeddable":true,"href":"https:\/\/www.europesays.com\/fr\/wp-json\/wp\/v2\/comments?post=61986"}],"version-history":[{"count":0,"href":"https:\/\/www.europesays.com\/fr\/wp-json\/wp\/v2\/posts\/61986\/revisions"}],"wp:featuredmedia":[{"embeddable":true,"href":"https:\/\/www.europesays.com\/fr\/wp-json\/wp\/v2\/media\/61987"}],"wp:attachment":[{"href":"https:\/\/www.europesays.com\/fr\/wp-json\/wp\/v2\/media?parent=61986"}],"wp:term":[{"taxonomy":"category","embeddable":true,"href":"https:\/\/www.europesays.com\/fr\/wp-json\/wp\/v2\/categories?post=61986"},{"taxonomy":"post_tag","embeddable":true,"href":"https:\/\/www.europesays.com\/fr\/wp-json\/wp\/v2\/tags?post=61986"}],"curies":[{"name":"wp","href":"https:\/\/api.w.org\/{rel}","templated":true}]}}