{"id":619860,"date":"2025-12-24T11:51:13","date_gmt":"2025-12-24T11:51:13","guid":{"rendered":"https:\/\/www.europesays.com\/fr\/619860\/"},"modified":"2025-12-24T11:51:13","modified_gmt":"2025-12-24T11:51:13","slug":"une-theorie-vieille-de-50-ans-enfin-confirmee-sur-les-voix","status":"publish","type":"post","link":"https:\/\/www.europesays.com\/fr\/619860\/","title":{"rendered":"une th\u00e9orie vieille de 50 ans enfin confirm\u00e9e sur les \u00ab voix \u00bb"},"content":{"rendered":"<p>Les hallucinations auditives repr\u00e9sentent l&rsquo;un des sympt\u00f4mes les plus d\u00e9stabilisants de la <a href=\"https:\/\/www.futura-sciences.com\/sante\/actualites\/medecine-schizophrenie-incapacite-reutiliser-experience-acquise-35548\/\" title=\"Schizophr\u00e9nie, ou l&#039;incapacit\u00e9 \u00e0 r\u00e9utiliser l&#039;exp\u00e9rience acquise\" target=\"_blank\" rel=\"noopener\">schizophr\u00e9nie<\/a>. Jusqu&rsquo;\u00e0 pr\u00e9sent, leur m\u00e9canisme exact demeurait myst\u00e9rieux malgr\u00e9 de nombreuses hypoth\u00e8ses. Gr\u00e2ce \u00e0 des technologies d&rsquo;imagerie c\u00e9r\u00e9brale avanc\u00e9es, une \u00e9quipe de l&rsquo;University of New South Wales a enfin perc\u00e9 ce secret en observant directement l&rsquo;activit\u00e9 du cerveau pendant ces \u00e9pisodes. Cette d\u00e9couverte ouvre des perspectives prometteuses pour un d\u00e9pistage pr\u00e9coce des troubles psychotiques.<\/p>\n<p>Un m\u00e9canisme c\u00e9r\u00e9bral d\u00e9faillant identifi\u00e9<\/p>\n<p>Thomas Whitford, chercheur en psychologie, a dirig\u00e9 une exp\u00e9rience novatrice utilisant l&rsquo;\u00e9lectroenc\u00e9phalographie pour mesurer les ondes c\u00e9r\u00e9brales. L&rsquo;objectif consistait \u00e0 comparer la r\u00e9action du cerveau face au discours int\u00e9rieur chez trois groupes distincts. Son \u00e9quipe a recrut\u00e9 142 participants au total, dont 55 personnes schizophr\u00e8nes ayant r\u00e9cemment v\u00e9cu des hallucinations auditives, 44 autres atteintes de schizophr\u00e9nie mais sans <a href=\"https:\/\/www.futura-sciences.com\/sante\/actualites\/corps-humain-hallucination-infrasons-vous-font-voir-fantomes-91056\/\" title=\"Hallucination : les infrasons vous font voir des fant\u00f4mes\" target=\"_blank\" rel=\"noopener\">hallucinations<\/a> r\u00e9centes, et 43 individus sans ant\u00e9c\u00e9dents psychiatriques.<\/p>\n<p>Le <a href=\"https:\/\/www.futura-sciences.com\/tech\/definitions\/tech-protocole-1285\/\" target=\"_blank\" rel=\"noopener\">protocole<\/a> exp\u00e9rimental s&rsquo;av\u00e9rait ing\u00e9nieux. Les volontaires devaient prononcer mentalement le mot \u00ab bah \u00bb ou \u00ab bih \u00bb tout en \u00e9coutant simultan\u00e9ment l&rsquo;un de ces deux sons diffus\u00e9s dans un <a href=\"https:\/\/www.futura-sciences.com\/tech\/comparatifs\/meilleur-casque-audio-comparatif\/\" title=\"Comparatif casque audio\" class=\"link-type-comparo\" target=\"_blank\" rel=\"noopener\">casque audio<\/a>. Ils ignoraient si leur choix correspondrait au stimulus externe. Cette m\u00e9thode permettait d&rsquo;observer comment le cerveau traite la co\u00efncidence entre pens\u00e9e verbale et perception sonore.<\/p>\n<p>Les r\u00e9sultats, publi\u00e9s dans\u00a0la revue <a href=\"https:\/\/academic.oup.com\/schizophreniabulletin\/advance-article\/doi\/10.1093\/schbul\/sbaf167\/8293244?login=false\" title=\"Dysfonctionnement de la d\u00e9charge corollaire du langage int\u00e9rieur et sa relation avec les hallucinations auditives verbales chez les patients atteints de troubles du spectre de la schizophr\u00e9nie\" target=\"_blank\" rel=\"noopener\">Schizophrenia Bulletin<\/a> ont r\u00e9v\u00e9l\u00e9 une diff\u00e9rence majeure. Chez les personnes saines, le <a href=\"https:\/\/www.futura-sciences.com\/sante\/definitions\/medecine-cortex-3186\/\" target=\"_blank\" rel=\"noopener\">cortex<\/a> auditif r\u00e9duit naturellement son activit\u00e9 lorsqu&rsquo;elles parlent int\u00e9rieurement ou \u00e0 voix haute. Le cerveau anticipe le son de sa propre voix et att\u00e9nue sa r\u00e9activit\u00e9 pour \u00e9viter une surcharge sensorielle. Cette pr\u00e9diction neurologique fonctionne comme un filtre automatique distinguant nos pens\u00e9es des bruits ext\u00e9rieurs.<\/p>\n<p class=\"fs-media\">\n<p><img decoding=\"async\" data-imgid=\"full\" src=\"https:\/\/www.europesays.com\/fr\/wp-content\/uploads\/2025\/12\/voix-tete-schizophrenie.png\" width=\"1080\" height=\"720\" alt=\"\" loading=\"lazy\"\/><br \/>\nDes chercheurs australiens ont identifi\u00e9 un dysfonctionnement c\u00e9r\u00e9bral expliquant pourquoi les personnes atteintes de schizophr\u00e9nie per\u00e7oivent leurs pens\u00e9es comme des voix ext\u00e9rieures. \u00a9 Andriano_cz, iStock<\/p>\n<p>Quand le cerveau confond l&rsquo;interne et l&rsquo;externe<\/p>\n<p>Chez les patients schizophr\u00e8nes ayant connu des \u00e9pisodes hallucinatoires r\u00e9cents, ce m\u00e9canisme de r\u00e9gulation dysfonctionnait compl\u00e8tement. Leur cerveau r\u00e9agissait avec une intensit\u00e9 inhabituellement \u00e9lev\u00e9e lorsque leur parole int\u00e9rieure correspondait au son externe. Au lieu de diminuer, l&rsquo;<a href=\"https:\/\/www.futura-sciences.com\/sante\/actualites\/cerveau-interview-activite-cerebrale-elle-unique-individuelle-91070\/\" title=\"Interview : l&#039;activit\u00e9 c\u00e9r\u00e9brale est-elle unique et individuelle ?\" target=\"_blank\" rel=\"noopener\">activit\u00e9 c\u00e9r\u00e9brale<\/a> augmentait dramatiquement, comme si la voix provenait d&rsquo;une source ext\u00e9rieure mena\u00e7ante ou myst\u00e9rieuse.<\/p>\n<p>\u00ab Cette id\u00e9e circule depuis cinquante ans, mais sa v\u00e9rification s&rsquo;av\u00e9rait impossible car le discours int\u00e9rieur reste fondamentalement priv\u00e9 \u00bb, explique Whitford. La technologie moderne a finalement permis de mesurer objectivement ce ph\u00e9nom\u00e8ne invisible. Les donn\u00e9es neurologiques confirment que le cerveau des personnes entendant des voix traite leur propre pens\u00e9e verbale comme une intrusion externe.<\/p>\n<p>Cette d\u00e9couverte explique pourquoi les hallucinations auditives semblent si authentiques et convaincantes pour ceux qui les vivent. Le <a href=\"https:\/\/www.futura-sciences.com\/sante\/actualites\/semaine-cerveau-5-mythes-cerveau-humain-91867\/\" title=\"5 mythes sur le cerveau humain\" target=\"_blank\" rel=\"noopener\">cerveau<\/a> ne distingue plus correctement l&rsquo;origine des signaux auditifs. Les voix int\u00e9rieures deviennent indiscernables des conversations r\u00e9elles, cr\u00e9ant une confusion profonde et angoissante. Cette erreur d&rsquo;attribution transforme un processus mental normal en exp\u00e9rience perturbante.<\/p>\n<p>Des perspectives th\u00e9rapeutiques encourageantes<\/p>\n<p>Les implications cliniques de cette recherche s&rsquo;annoncent consid\u00e9rables pour la prise en charge psychiatrique. Les m\u00e9decins pourraient identifier pr\u00e9cocement les individus pr\u00e9sentant ce d\u00e9faut de pr\u00e9diction neuronale, bien avant l&rsquo;apparition d&rsquo;une <a href=\"https:\/\/www.futura-sciences.com\/sante\/actualites\/cerveau-psychose-etonnante-performance-cerveau-sujet-hallucinations-60176\/\" title=\"Psychose : l\u2019\u00e9tonnante performance du cerveau sujet aux hallucinations\" target=\"_blank\" rel=\"noopener\">psychose<\/a> d\u00e9clar\u00e9e. Un d\u00e9pistage pr\u00e9ventif permettrait d&rsquo;intervenir rapidement avec des traitements adapt\u00e9s, am\u00e9liorant significativement le <a href=\"https:\/\/www.futura-sciences.com\/sante\/definitions\/medecine-pronostic-2822\/\" target=\"_blank\" rel=\"noopener\">pronostic<\/a>.<\/p>\n<p>Les <a href=\"https:\/\/www.futura-sciences.com\/sciences\/definitions\/mathematiques-application-13200\/\" target=\"_blank\" rel=\"noopener\">applications<\/a> potentielles incluent notamment :<\/p>\n<ul dir=\"ltr\">\n<li role=\"presentation\">Le d\u00e9veloppement de tests diagnostiques bas\u00e9s sur l&rsquo;<a href=\"https:\/\/www.futura-sciences.com\/sante\/definitions\/medecine-electroencephalogramme-8109\/\" target=\"_blank\" rel=\"noopener\">EEG<\/a> pour d\u00e9tecter les <a href=\"https:\/\/www.futura-sciences.com\/sante\/definitions\/medecine-anomalie-2982\/\" target=\"_blank\" rel=\"noopener\">anomalies<\/a> pr\u00e9dictives.<\/li>\n<li role=\"presentation\">La mise au point de <a href=\"https:\/\/www.futura-sciences.com\/sante\/definitions\/medecine-therapie-2856\/\" target=\"_blank\" rel=\"noopener\">th\u00e9rapies<\/a> ciblant sp\u00e9cifiquement ce m\u00e9canisme de <a href=\"https:\/\/www.futura-sciences.com\/tech\/definitions\/informatique-reconnaissance-vocale-3958\/\" target=\"_blank\" rel=\"noopener\">reconnaissance vocale<\/a>.<\/li>\n<li role=\"presentation\">L&rsquo;adaptation des protocoles de r\u00e9\u00e9ducation cognitive pour renforcer la distinction interne-externe.<\/li>\n<li role=\"presentation\">La personnalisation des traitements m\u00e9dicamenteux selon les profils neurologiques identifi\u00e9s.<\/li>\n<\/ul>\n<p>Cette avanc\u00e9e scientifique transforme radicalement notre compr\u00e9hension des troubles schizophr\u00e9niques en r\u00e9v\u00e9lant leur base neurobiologique concr\u00e8te.<\/p>\n","protected":false},"excerpt":{"rendered":"Les hallucinations auditives repr\u00e9sentent l&rsquo;un des sympt\u00f4mes les plus d\u00e9stabilisants de la schizophr\u00e9nie. Jusqu&rsquo;\u00e0 pr\u00e9sent, leur m\u00e9canisme exact&hellip;\n","protected":false},"author":2,"featured_media":619861,"comment_status":"","ping_status":"","sticky":false,"template":"","format":"standard","meta":{"footnotes":""},"categories":[10],"tags":[46462,231,72976,72975,1011,27,72972,72,278,226,298,61149,71,29231,556,72974,72973],"class_list":{"0":"post-619860","1":"post","2":"type-post","3":"status-publish","4":"format-standard","5":"has-post-thumbnail","7":"category-sante","8":"tag-activite-du-cerveau","9":"tag-cerveau","10":"tag-cortex-auditif","11":"tag-electroencephalographie","12":"tag-fr","13":"tag-france","14":"tag-hallucination-auditive","15":"tag-health","16":"tag-les-tendances","17":"tag-maladie","18":"tag-psychologie","19":"tag-psychose","20":"tag-sante","21":"tag-schizophrenie","22":"tag-troubles-neurologiques","23":"tag-troubles-psychotiques","24":"tag-voix-interieure"},"share_on_mastodon":{"url":"https:\/\/pubeurope.com\/@fr\/115774404680479717","error":""},"_links":{"self":[{"href":"https:\/\/www.europesays.com\/fr\/wp-json\/wp\/v2\/posts\/619860","targetHints":{"allow":["GET"]}}],"collection":[{"href":"https:\/\/www.europesays.com\/fr\/wp-json\/wp\/v2\/posts"}],"about":[{"href":"https:\/\/www.europesays.com\/fr\/wp-json\/wp\/v2\/types\/post"}],"author":[{"embeddable":true,"href":"https:\/\/www.europesays.com\/fr\/wp-json\/wp\/v2\/users\/2"}],"replies":[{"embeddable":true,"href":"https:\/\/www.europesays.com\/fr\/wp-json\/wp\/v2\/comments?post=619860"}],"version-history":[{"count":0,"href":"https:\/\/www.europesays.com\/fr\/wp-json\/wp\/v2\/posts\/619860\/revisions"}],"wp:featuredmedia":[{"embeddable":true,"href":"https:\/\/www.europesays.com\/fr\/wp-json\/wp\/v2\/media\/619861"}],"wp:attachment":[{"href":"https:\/\/www.europesays.com\/fr\/wp-json\/wp\/v2\/media?parent=619860"}],"wp:term":[{"taxonomy":"category","embeddable":true,"href":"https:\/\/www.europesays.com\/fr\/wp-json\/wp\/v2\/categories?post=619860"},{"taxonomy":"post_tag","embeddable":true,"href":"https:\/\/www.europesays.com\/fr\/wp-json\/wp\/v2\/tags?post=619860"}],"curies":[{"name":"wp","href":"https:\/\/api.w.org\/{rel}","templated":true}]}}