{"id":619864,"date":"2025-12-24T11:54:54","date_gmt":"2025-12-24T11:54:54","guid":{"rendered":"https:\/\/www.europesays.com\/fr\/619864\/"},"modified":"2025-12-24T11:54:54","modified_gmt":"2025-12-24T11:54:54","slug":"cyprien-les-12-coups-de-midi-son-celibat-bientot-termine-par-messages-prives","status":"publish","type":"post","link":"https:\/\/www.europesays.com\/fr\/619864\/","title":{"rendered":"Cyprien (Les 12 coups de midi) : son c\u00e9libat bient\u00f4t termin\u00e9 ? \u00ab\u00a0Par messages priv\u00e9s&#8230;\u00a0\u00bb"},"content":{"rendered":"<p data-start=\"59\" data-end=\"789\">Cette fin d\u2019ann\u00e9e s\u2019annonce riche<br \/>\nen rebondissements dans <a href=\"https:\/\/www.closermag.fr\/people\/emilien-les-12-coups-de-midi-tres-pres-de-ses-sous-les-journalistes-anglais-sont-tombes-des-nues-dans-son-appartement-3591721\" target=\"_blank\" rel=\"noopener\"><br \/>\nLes 12 Coups de midi<\/a> !<br \/>\nEn seulement cinq jours, <strong>Cyprien<\/strong> a d\u00e9croch\u00e9 sa<br \/>\nquatri\u00e8me et sa cinqui\u00e8me \u00c9toile myst\u00e9rieuse, confirmant son statut<br \/>\nd\u2019actuel Ma\u00eetre de midi. Mais ce n\u2019est pas tout : le programme a<br \/>\n\u00e9galement \u00e9t\u00e9 profond\u00e9ment remani\u00e9. Depuis le 15 d\u00e9cembre, la<br \/>\ntraditionnelle manche du \u00ab\u00a0Coup de Ma\u00eetre\u00a0\u00bb a \u00e9t\u00e9 remplac\u00e9e par un<br \/>\n\u00ab\u00a0Coup Fatal\u00a0\u00bb enti\u00e8rement repens\u00e9. D\u00e9sormais, avant chaque duel<br \/>\nfinal, Jean-Luc Reichmann attribue une pi\u00e8ce \u00e0 chaque montant dans<br \/>\nla cagnotte des finalistes. Il r\u00e9alise ensuite un pile ou face pour<br \/>\nd\u00e9terminer la somme \u00e0 remporter.<\/p>\n<p data-start=\"59\" data-end=\"789\">Pour d\u00e9bloquer le jackpot<br \/>\nmaximal, les deux joueurs doivent r\u00e9pondre correctement \u00e0 douze<br \/>\nquestions cons\u00e9cutives. Malgr\u00e9 toutes ces \u00e9volutions dans la<br \/>\nm\u00e9canique du jeu, Cyprien reste fid\u00e8le \u00e0 lui-m\u00eame. Pr\u00e9sent depuis<br \/>\nmaintenant trois mois, il conserve <strong>son personnage attachant<br \/>\net constant<\/strong>, au grand plaisir de Jean-Luc Reichmann.<br \/>\nL\u2019animateur confie notamment appr\u00e9cier particuli\u00e8rement la fa\u00e7on<br \/>\ndont Cyprien g\u00e8re les moments de tension, son humour et sa<br \/>\nspontan\u00e9it\u00e9, notamment sur un point bien pr\u00e9cis qui fait sourire<br \/>\nchaque jour le public et l\u2019\u00e9quipe du plateau.<\/p>\n<p>Cyprien face \u00e0 la notori\u00e9t\u00e9 et aux<br \/>\nsollicitations<\/p>\n<p data-start=\"57\" data-end=\"871\">Depuis ses victoires, Cyprien<br \/>\nd\u00e9couvre les coulisses de la c\u00e9l\u00e9brit\u00e9. Reconnu dans la rue et tr\u00e8s<br \/>\nsollicit\u00e9 sur les r\u00e9seaux sociaux, il explique toutefois <strong>ne<br \/>\npas avoir beaucoup de temps \u00e0 accorder aux commentaires<br \/>\nn\u00e9gatifs<\/strong>, occup\u00e9 qu\u2019il est par sa vie professionnelle. Il<br \/>\nassure d\u2019ailleurs qu\u2019il vit tr\u00e8s bien le fait que sa vie priv\u00e9e<br \/>\nsoit \u00e9voqu\u00e9e \u00e0 l\u2019antenne.<\/p>\n<p data-start=\"57\" data-end=\"871\">Les blagues sur son c\u00e9libat dans<br \/>\nLes 12 Coups de midi le<br \/>\nfont plut\u00f4t rire qu\u2019autre chose, et la visibilit\u00e9 offerte par les<br \/>\nplus de trois millions de t\u00e9l\u00e9spectateurs quotidiens g\u00e9n\u00e8re des<br \/>\ncons\u00e9quences directes. Le champion confie <a href=\"https:\/\/www.closermag.fr\/tv_tele_realite\/cyprien-les-12-coups-de-midi-celibataire-le-champion-evoque-sa-situation-amoureuse-3586114\" target=\"_blank\" rel=\"noopener\"><br \/>\nqu\u2019il re\u00e7oit des sollicitations de la part d\u2019inconnues et<br \/>\nd\u2019inconnus<\/a>. Ces derniers n\u2019h\u00e9sitent pas \u00e0 lui \u00e9crire<br \/>\n\u00ab\u00a0<strong>par messages priv\u00e9<\/strong>s\u00a0\u00bb sur les r\u00e9seaux<br \/>\nsociaux. Loin de s\u2019en offusquer, Cyprien prend ces approches avec<br \/>\nhumour. Il les consid\u00e8re comme une des \u00ab\u00a0cons\u00e9quences<br \/>\npositives\u00a0\u00bb de sa participation au jeu.<\/p>\n<p>Jean-Luc Reichmann et le fil rouge sentimental<\/p>\n<p><a href=\"https:\/\/www.closermag.fr\/people\/jean-luc-reichmann-hyper-blessant-lanimateur-traumatise-apres-dinquietantes-revelations-3594477\" target=\"_blank\" rel=\"noopener\"><br \/>\nJean-Luc Reichmann<\/a>, ravi de cette situation amusante, continue<br \/>\nde nourrir le fil rouge autour de la vie sentimentale de son Ma\u00eetre<br \/>\nde midi. Le public suit avec plaisir cette intrigue. Cette possible<br \/>\n<strong>future histoire d\u2019amour<\/strong> fonctionne comme un<br \/>\nfeuilleton parall\u00e8le \u00e0 la comp\u00e9tition.<\/p>\n<p data-start=\"927\" data-end=\"1492\" data-is-last-node=\"\" data-is-only-node=\"\">De la douceur, le nouveau Ma\u00eetre de midi en a<br \/>\n\u00e0 donner, mais il reste seul pour le moment. Comme le r\u00e9v\u00e8le<br \/>\nl\u2019animateur : \u201cVous \u00eates accompagn\u00e9 sentimentalement dans la<br \/>\nvie ?\u201d .\u201c<strong>Pas encore<\/strong>\u201d, lui a r\u00e9pondu<br \/>\nCyprien ce samedi 20 septembre. Il a confirm\u00e9 que son c\u0153ur est<br \/>\nencore libre, mais pr\u00eat \u00e0 \u00eatre partag\u00e9.<\/p>\n","protected":false},"excerpt":{"rendered":"Cette fin d\u2019ann\u00e9e s\u2019annonce riche en rebondissements dans Les 12 Coups de midi ! En seulement cinq jours,&hellip;\n","protected":false},"author":2,"featured_media":619865,"comment_status":"","ping_status":"","sticky":false,"template":"","format":"standard","meta":{"footnotes":""},"categories":[8],"tags":[21303,58,59,1011,27,466,70202,65861],"class_list":{"0":"post-619864","1":"post","2":"type-post","3":"status-publish","4":"format-standard","5":"has-post-thumbnail","7":"category-divertissement","8":"tag-buzz_nonli","9":"tag-divertissement","10":"tag-entertainment","11":"tag-fr","12":"tag-france","13":"tag-les-12-coups-de-midi","14":"tag-marfeel_connexes","15":"tag-trend"},"share_on_mastodon":{"url":"https:\/\/pubeurope.com\/@fr\/115774418022657743","error":""},"_links":{"self":[{"href":"https:\/\/www.europesays.com\/fr\/wp-json\/wp\/v2\/posts\/619864","targetHints":{"allow":["GET"]}}],"collection":[{"href":"https:\/\/www.europesays.com\/fr\/wp-json\/wp\/v2\/posts"}],"about":[{"href":"https:\/\/www.europesays.com\/fr\/wp-json\/wp\/v2\/types\/post"}],"author":[{"embeddable":true,"href":"https:\/\/www.europesays.com\/fr\/wp-json\/wp\/v2\/users\/2"}],"replies":[{"embeddable":true,"href":"https:\/\/www.europesays.com\/fr\/wp-json\/wp\/v2\/comments?post=619864"}],"version-history":[{"count":0,"href":"https:\/\/www.europesays.com\/fr\/wp-json\/wp\/v2\/posts\/619864\/revisions"}],"wp:featuredmedia":[{"embeddable":true,"href":"https:\/\/www.europesays.com\/fr\/wp-json\/wp\/v2\/media\/619865"}],"wp:attachment":[{"href":"https:\/\/www.europesays.com\/fr\/wp-json\/wp\/v2\/media?parent=619864"}],"wp:term":[{"taxonomy":"category","embeddable":true,"href":"https:\/\/www.europesays.com\/fr\/wp-json\/wp\/v2\/categories?post=619864"},{"taxonomy":"post_tag","embeddable":true,"href":"https:\/\/www.europesays.com\/fr\/wp-json\/wp\/v2\/tags?post=619864"}],"curies":[{"name":"wp","href":"https:\/\/api.w.org\/{rel}","templated":true}]}}