{"id":619870,"date":"2025-12-24T12:00:13","date_gmt":"2025-12-24T12:00:13","guid":{"rendered":"https:\/\/www.europesays.com\/fr\/619870\/"},"modified":"2025-12-24T12:00:13","modified_gmt":"2025-12-24T12:00:13","slug":"deploiement-militaire-bombardements-blocus-total-donald-trump-pret-a-tout-pour-saccaparer-les-richesses-du-venezuela-lhumanite","status":"publish","type":"post","link":"https:\/\/www.europesays.com\/fr\/619870\/","title":{"rendered":"D\u00e9ploiement militaire, bombardements, blocus total : Donald Trump pr\u00eat \u00e0 tout pour s\u2019accaparer les richesses du Venezuela &#8211; L&#039;Humanit\u00e9"},"content":{"rendered":"<ol>\n<li><a href=\"https:\/\/news.google.com\/rss\/articles\/CBMi9AFBVV95cUxOVlYxdl9QZ3FRYTFGRU82QVJZNXBYLVNjZG1GUVNQWlFHZUNqV1ZuMEt2dUxYbUt5ckVJUVRVMGFod2RHZWkyTjE2ZFJaSzZDMDBkc2hnd1NZeDBRX0YwTldwQS1XTFdRcHd0bUZZLVlWem15NkgtT3RDQTZZQ1BNTjdZR3hUY1M5OXBoLWg3SktNZ2tJZXUta1VrczRjNl81VnNGbHI2dWVWX2ROTFg3VkdobFotWHltd2lreU0yTC1PcGNEb3pJbDAxeEEwNjJnYkl2ZV9Yd2Y4eHEzRUJaTUViSm1XSVdZVTdkRWVCVklLWFBE?oc=5\" target=\"_blank\" rel=\"noopener\">D\u00e9ploiement militaire, bombardements, blocus total : Donald Trump pr\u00eat \u00e0 tout pour s\u2019accaparer les richesses du Venezuela<\/a>&nbsp;&nbsp;L&rsquo;Humanit\u00e9<\/li>\n<li><a href=\"https:\/\/news.google.com\/rss\/articles\/CBMi3wFBVV95cUxNNVUtbi00YVBaTndVSk5jdm0wVXZyXy1CVkt4SGEwbE5jYjRUeDFIaDhRUkhtMTB3eUd6ekdVWU9aV1hHNmFsTWxhbGxGalBVQklwZUQtb2tjS3pxMzNlYWNDcFc2bjI1VERZU0FqZ3ZFYm1mTTlWUEFrT1dqaGx5aW9BbjhQdVo2YkNyXzg3bm5xNmxTVFBucnRZRUdyaDNWV29OWko1OXdZWERnWjY1YnJWOFVwQ1pTUmdudlY1NlVRc1N1YjI1UzVyZkdKb1MzZ1FVSUdHOGUtZW1sYlFj?oc=5\" target=\"_blank\" rel=\"noopener\">Le Venezuela d\u00e9nonce devant l\u2019ONU \u00ab l\u2019extorsion \u00bb des Etats-Unis \u00e0 son \u00e9gard<\/a>&nbsp;&nbsp;Le Monde.fr<\/li>\n<li><a href=\"https:\/\/news.google.com\/rss\/articles\/CBMiyAFBVV95cUxOdG5kU0RaaFpIOXZrSnhld3RyMDZHQmVIWVdXYWxsN0FpRnhVZGloUWpCd3Z2VmxIOGhpa0h4a3QwWlRIOVVZTEl2bDBqSVZXYzlaTjNWdkV4eFp0SlFFcWdzRFJSVVhieEVlYWpUZm1yRXpVaEtROWRTLUVjSng4UFVWOE1sNEJKbU1IYzNyRUY0QzR3dGRramRrSDQ4UG92OE9SMERvZ05mWjZVUUFSYkljcUp2eW54MUpiMERQdGU2NlViOHljNA?oc=5\" target=\"_blank\" rel=\"noopener\">Un \u00ab cow-boy \u00bb\u2026 Moscou et P\u00e9kin fustigent la pression de Trump sur Maduro<\/a>&nbsp;&nbsp;20 Minutes<\/li>\n<li><a href=\"https:\/\/news.google.com\/rss\/articles\/CBMiogFBVV95cUxQRDFXcjZkYlRtblhvMzhlZHlEVkhpVjQ2VDZQRkE3WTNYOUhlMkx2czJ0OFhtRnlvTmlob2xkYk1rN3R0YkRYQVBUU3ppZE1zMjR2V2ctSVFvUGNfbllmcWxTWUNUWVVzcDdZQndtQkE1VktoOW9zWF9FczlsOWJZa0U2Vzh1Wks0N3FEVVh6a2MwUVpBaXQ4ZTBSaUtiSEk3OXc?oc=5\" target=\"_blank\" rel=\"noopener\">Les V\u00e9n\u00e9zu\u00e9liens pr\u00e9parent No\u00ebl sous la menace<\/a>&nbsp;&nbsp;Mediapart<\/li>\n<li><a href=\"https:\/\/news.google.com\/rss\/articles\/CBMiowJBVV95cUxQSEpxeHJsYVVoU3o2MnlDUE91ZWlXNG5rU0FFSDUzLWRhQlJYU2NRNU4zUDJyOXNYMzZVbXJhQ0x0X0k1UHIwMVZHV3NHMENaSXBUSWtnUTMzcGZ5ZF9NUDZKeDhobExyc3dva05VY05xT2VHQTRISDJDX1psYVVBd2xsSTZNY3FrWTJSNUd4UzY2TXRnUmNRdUVyMUdfbHJEakpIMXQ3ZExfZ3BfVC1oTS10eXJua2VkZkZ5Q2VubTNpOC15UUxfOGJ2OWFiNWhmOE85UXBGQlRFSDVDLUFlNUMtVkFDUlhqdUFydzVlRkhVdXUzWUltdGNmdEMtblhGcGVEOU5hRnBUS1Q1QkpUYXZDengyY2pSLXJlNzg2VWRRZmc?oc=5\" target=\"_blank\" rel=\"noopener\">Tensions entre les \u00c9tats-Unis et le Venezuela : il y a d\u00e9j\u00e0 un vainqueur, et c\u2019est une entreprise am\u00e9ricaine<\/a>&nbsp;&nbsp;Le Parisien<\/li>\n<\/ol>\n","protected":false},"excerpt":{"rendered":"D\u00e9ploiement militaire, bombardements, blocus total : Donald Trump pr\u00eat \u00e0 tout pour s\u2019accaparer les richesses du Venezuela&nbsp;&nbsp;L&rsquo;Humanit\u00e9 Le&hellip;\n","protected":false},"author":2,"featured_media":619871,"comment_status":"","ping_status":"","sticky":false,"template":"","format":"standard","meta":{"footnotes":""},"categories":[5],"tags":[11,1011,27,14,12,28],"class_list":{"0":"post-619870","1":"post","2":"type-post","3":"status-publish","4":"format-standard","5":"has-post-thumbnail","7":"category-international","8":"tag-actualites","9":"tag-fr","10":"tag-france","11":"tag-international","12":"tag-news","13":"tag-world"},"share_on_mastodon":{"url":"https:\/\/pubeurope.com\/@fr\/115774437773617438","error":""},"_links":{"self":[{"href":"https:\/\/www.europesays.com\/fr\/wp-json\/wp\/v2\/posts\/619870","targetHints":{"allow":["GET"]}}],"collection":[{"href":"https:\/\/www.europesays.com\/fr\/wp-json\/wp\/v2\/posts"}],"about":[{"href":"https:\/\/www.europesays.com\/fr\/wp-json\/wp\/v2\/types\/post"}],"author":[{"embeddable":true,"href":"https:\/\/www.europesays.com\/fr\/wp-json\/wp\/v2\/users\/2"}],"replies":[{"embeddable":true,"href":"https:\/\/www.europesays.com\/fr\/wp-json\/wp\/v2\/comments?post=619870"}],"version-history":[{"count":0,"href":"https:\/\/www.europesays.com\/fr\/wp-json\/wp\/v2\/posts\/619870\/revisions"}],"wp:featuredmedia":[{"embeddable":true,"href":"https:\/\/www.europesays.com\/fr\/wp-json\/wp\/v2\/media\/619871"}],"wp:attachment":[{"href":"https:\/\/www.europesays.com\/fr\/wp-json\/wp\/v2\/media?parent=619870"}],"wp:term":[{"taxonomy":"category","embeddable":true,"href":"https:\/\/www.europesays.com\/fr\/wp-json\/wp\/v2\/categories?post=619870"},{"taxonomy":"post_tag","embeddable":true,"href":"https:\/\/www.europesays.com\/fr\/wp-json\/wp\/v2\/tags?post=619870"}],"curies":[{"name":"wp","href":"https:\/\/api.w.org\/{rel}","templated":true}]}}