{"id":619874,"date":"2025-12-24T12:02:19","date_gmt":"2025-12-24T12:02:19","guid":{"rendered":"https:\/\/www.europesays.com\/fr\/619874\/"},"modified":"2025-12-24T12:02:19","modified_gmt":"2025-12-24T12:02:19","slug":"en-direct-guerre-en-ukraine-le-kremlin-devrait-formuler-sa-position-sur-les-propositions-americaines-prochainement","status":"publish","type":"post","link":"https:\/\/www.europesays.com\/fr\/619874\/","title":{"rendered":"EN DIRECT &#8211; Guerre en Ukraine : le Kremlin devrait formuler sa position sur les propositions am\u00e9ricaines \u00abprochainement\u00bb"},"content":{"rendered":"<p role=\"heading\" aria-level=\"3\">Les attaques russes contre les ports ukrainiens fragilisent les exportations d\u2019aliments<\/p>\n<p class=\"fig-paragraph\">Dans un reportage pour Reuters, le journaliste Pavel Polityuk s\u2019int\u00e9resse aux\u00a0<a href=\"http:\/\/www.lefigaro.fr\/flash-eco\/le-ble-chahute-par-une-possible-treve-en-mer-noire-entre-la-russie-et-l-ukraine-20250326\" data-fig-type=\"NewsFlash\" data-gtm-custom-categorie=\"navigation\" data-gtm-custom-action=\"crossclick\" data-gtm-custom-label=\"Contextuel\" data-gtm-event=\"customEventSPE\" data-fig-domain=\"LEFIGARO\" target=\"_blank\" rel=\"noopener\">exportations alimentaires<\/a>\u00a0ukrainiennes, d\u00e9j\u00e0 \u00e9t\u00e9 affect\u00e9es par l\u2019intensification des attaques russes contre les ports en d\u00e9cembre, ce qui pourrait entra\u00eener une baisse significative des \u00e9changes commerciaux malgr\u00e9 les efforts d\u00e9ploy\u00e9s pour d\u00e9tourner les exp\u00e9ditions vers le rail, a d\u00e9clar\u00e9 mercredi un syndicat d\u2019agriculteurs ukrainiens.<\/p>\n<p>L\u2019Ukraine est l\u2019un des plus grands exportateurs mondiaux de bl\u00e9 et de ma\u00efs, et le premier exportateur d\u2019huile de tournesol. Le blocus russe de facto mis en place au d\u00e9but de la guerre a aggrav\u00e9 la p\u00e9nurie alimentaire mondiale. La plupart des exportations alimentaires ukrainiennes ont repris depuis 2023. Mais ce mois-ci, les attaques russes quasi quotidiennes \u00e0 l\u2019aide de drones et de missiles contre les ports de la r\u00e9gion d\u2019Odessa se sont intensifi\u00e9es, r\u00e9duisant la capacit\u00e9 d\u2019exportation.<\/p>\n<p>En cons\u00e9quence, le syndicat UAC a d\u00e9clar\u00e9 que certains exportateurs de bl\u00e9 avaient d\u00e9j\u00e0 manqu\u00e9 \u00e0 leurs obligations contractuelles de livraison ce mois-ci. Selon les estimations de l\u2019UAC, au moins l\u2019un des trois principaux ports d\u2019exportation est \u00e0 l\u2019arr\u00eat ou fonctionne \u00e0 20 % de sa capacit\u00e9. Les voies logistiques reliant le reste de l\u2019Ukraine aux ports fluviaux du Danube ont \u00e9galement \u00e9t\u00e9 endommag\u00e9es, a d\u00e9clar\u00e9 le syndicat. Les ports fluviaux avaient contribu\u00e9 \u00e0 compenser la perte des principaux ports maritimes depuis le d\u00e9but de la guerre.<\/p>\n<p>\u00ab La Russie attaque nos ports, r\u00e9duisant ainsi notre potentiel d\u2019exportation&#8230; Sans eaux profondes et eaux fluviales, nos exportations vont consid\u00e9rablement diminuer\u00a0\u00bb, a d\u00e9clar\u00e9 l\u2019UAC dans un rapport hebdomadaire. \u00ab Certains grands n\u00e9gociants commencent d\u00e9j\u00e0 \u00e0 r\u00e9partir les quotas dans les terminaux ferroviaires, ce qui signifie qu\u2019une partie de notre grain pourrait \u00eatre envoy\u00e9e \u00e0 la fronti\u00e8re\u00a0\u00bb, a-t-il ajout\u00e9.<\/p>\n","protected":false},"excerpt":{"rendered":"Les attaques russes contre les ports ukrainiens fragilisent les exportations d\u2019aliments Dans un reportage pour Reuters, le journaliste&hellip;\n","protected":false},"author":2,"featured_media":619875,"comment_status":"","ping_status":"","sticky":false,"template":"","format":"standard","meta":{"footnotes":""},"categories":[2],"tags":[259,11,260,75,1011,27,131,14,261,12,262,135,134],"class_list":{"0":"post-619874","1":"post","2":"type-post","3":"status-publish","4":"format-standard","5":"has-post-thumbnail","7":"category-actualites","8":"tag-actualite-internationale","9":"tag-actualites","10":"tag-affaires-etrangeres","11":"tag-donald-trump","12":"tag-fr","13":"tag-france","14":"tag-guerre-en-ukraine","15":"tag-international","16":"tag-ministere-des-affaires-etrangeres","17":"tag-news","18":"tag-politique-etrangere","19":"tag-vladimir-poutine","20":"tag-volodymyr-zelensky"},"share_on_mastodon":{"url":"https:\/\/pubeurope.com\/@fr\/115774445529411349","error":""},"_links":{"self":[{"href":"https:\/\/www.europesays.com\/fr\/wp-json\/wp\/v2\/posts\/619874","targetHints":{"allow":["GET"]}}],"collection":[{"href":"https:\/\/www.europesays.com\/fr\/wp-json\/wp\/v2\/posts"}],"about":[{"href":"https:\/\/www.europesays.com\/fr\/wp-json\/wp\/v2\/types\/post"}],"author":[{"embeddable":true,"href":"https:\/\/www.europesays.com\/fr\/wp-json\/wp\/v2\/users\/2"}],"replies":[{"embeddable":true,"href":"https:\/\/www.europesays.com\/fr\/wp-json\/wp\/v2\/comments?post=619874"}],"version-history":[{"count":0,"href":"https:\/\/www.europesays.com\/fr\/wp-json\/wp\/v2\/posts\/619874\/revisions"}],"wp:featuredmedia":[{"embeddable":true,"href":"https:\/\/www.europesays.com\/fr\/wp-json\/wp\/v2\/media\/619875"}],"wp:attachment":[{"href":"https:\/\/www.europesays.com\/fr\/wp-json\/wp\/v2\/media?parent=619874"}],"wp:term":[{"taxonomy":"category","embeddable":true,"href":"https:\/\/www.europesays.com\/fr\/wp-json\/wp\/v2\/categories?post=619874"},{"taxonomy":"post_tag","embeddable":true,"href":"https:\/\/www.europesays.com\/fr\/wp-json\/wp\/v2\/tags?post=619874"}],"curies":[{"name":"wp","href":"https:\/\/api.w.org\/{rel}","templated":true}]}}