{"id":619892,"date":"2025-12-24T12:18:58","date_gmt":"2025-12-24T12:18:58","guid":{"rendered":"https:\/\/www.europesays.com\/fr\/619892\/"},"modified":"2025-12-24T12:18:58","modified_gmt":"2025-12-24T12:18:58","slug":"ivre-il-tire-des-mortiers-achetes-pour-lanniversaire-de-son-fils-sur-des-passants","status":"publish","type":"post","link":"https:\/\/www.europesays.com\/fr\/619892\/","title":{"rendered":"ivre, il tire des mortiers achet\u00e9s pour l&rsquo;anniversaire de son fils sur des passants"},"content":{"rendered":"<p>                    Par<br \/>\n        <strong><br \/>\n            <a href=\"https:\/\/actu.fr\/auteur\/adrien-filoche\" title=\"Consulter tous les articles de Adrien Filoche\" target=\"_blank\" rel=\"noopener\">Adrien Filoche<\/a><br \/>\n                    <\/strong><\/p>\n<p>        Publi\u00e9 le<\/p>\n<p>            24 d\u00e9c. 2025 \u00e0 12h05        <\/p>\n<p>Difficile de comprendre son comportement, mais <strong>l\u2019alcool n\u2019a certainement pas aid\u00e9<\/strong>\u2026 Un homme a \u00e9t\u00e9 interpell\u00e9 dans la nuit du 23 au 24\u00a0d\u00e9cembre 2025 au <a href=\"https:\/\/actu.fr\/normandie\/le-grand-quevilly_76322\" target=\"_blank\" rel=\"noopener\">Grand-Quevilly (Seine-Maritime)<\/a>, pr\u00e8s de <a href=\"https:\/\/actu.fr\/normandie\/rouen_76540\" target=\"_blank\" rel=\"noopener\">Rouen<\/a>. En pleine nuit, il s\u2019est \u00ab\u2009amus\u00e9\u2009\u00bb \u00e0 tirer des mortiers depuis son balcon sur des passants. Il \u00e9tait <a href=\"https:\/\/actu.fr\/tag\/alcool\" target=\"_blank\" rel=\"noopener\">alcoolis\u00e9<\/a>.<\/p>\n<p>Alcoolis\u00e9, il tire des mortiers depuis son balcon<\/p>\n<p class=\" wall-content\">Ce sont des agents de la soci\u00e9t\u00e9 Quevilly Habitat qui ont alert\u00e9 la police vers 00h35 dans la nuit du 23 au 24\u00a0d\u00e9cembre 2025. Un homme a \u00e9t\u00e9 aper\u00e7u en train de tirer des mortiers depuis son balcon, au niveau de la rue du 19\u00a0mars.<\/p>\n<p>    <a href=\"https:\/\/www.google.com\/maps\/embed?pb=!1m18!1m12!1m3!1d2595.943403941717!2d1.041612975652577!3d49.409975961732925!2m3!1f0!2f0!3f0!3m2!1i1024!2i768!4f13.1!3m3!1m2!1s0x47e0e08fb8455b65%3A0x79f044681456ab85!2sRue%20du%2019%20Mars%2C%2076120%20Le%20Grand-Quevilly!5e0!3m2!1sfr!2sfr!4v1766573060143!5m2!1sfr!2sfr\" title=\"Ouvrie le lien\" target=\"_blank\" rel=\"noopener\">Cliquez ici pour visualiser le contenu<\/a><\/p>\n<p class=\" wall-content\">Sur place, les policiers prennent contact avec les deux agents. L\u2019un d\u2019eux, \u00e2g\u00e9 de 36\u00a0ans, explique qu\u2019il \u00e9tait en mission de s\u00e9curisation lorsqu\u2019il a entendu plusieurs d\u00e9tonations.<\/p>\n<p class=\" wall-content\">C\u2019est \u00e0 ce moment qu\u2019il a remarqu\u00e9 un homme depuis son balcon en train de tirer des mortiers sur la voie publique. <strong>Le t\u00e9moin raconte avoir \u00e9t\u00e9 vis\u00e9 par le tireur.<\/strong><\/p>\n<p>Vid\u00e9os : en ce moment sur ActuLe mis en cause faisait l\u2019objet d\u2019un mandat de recherche<\/p>\n<p class=\" wall-content\">Les forces de l\u2019ordre p\u00e9n\u00e8trent dans l\u2019immeuble et retrouvent l\u2019auteur pr\u00e9sum\u00e9 des faits. \u00ab\u2009Il est en \u00e9tat d\u2019ivresse manifeste\u2009\u00bb, indique notre source polici\u00e8re. L\u2019homme reconna\u00eet avoir tir\u00e9 les mortiers et indique en avoir achet\u00e9 une cinquantaine en septembre dernier pour l\u2019anniversaire de son fils.<\/p>\n<p class=\" wall-content\">Les policiers se rendent compte que <strong>le mis en cause porte un bracelet \u00e9lectronique<\/strong> et fait l\u2019objet d\u2019un <strong>mandat de recherche.<\/strong> Mais les raisons de sa recherche et de son placement sous bracelet n\u2019ont pas \u00e9t\u00e9 communiqu\u00e9es.<\/p>\n<p>Votre r\u00e9gion, votre actu !<\/p>\n<p>Recevez chaque jour les infos qui comptent pour vous.<\/p>\n<p>\t<a href=\"https:\/\/actu.fr\/newsletter\" class=\"ac-btn ac-btn--corner ac-btn--medium ac-btn--blue800\" target=\"_blank\" rel=\"noopener\">S&rsquo;incrire<\/a><\/p>\n<p class=\" wall-content\">Il est finalement interpell\u00e9 pour violences volontaires aggrav\u00e9es et conduit au poste de police.<\/p>\n<p>Suivez l\u2019actualit\u00e9 de Rouen sur <a href=\"https:\/\/www.whatsapp.com\/channel\/0029VaKfnf99hXF2ddApFB1D\" target=\"_blank\" rel=\"noopener\">notre cha\u00eene WhatsApp<\/a> et sur <a href=\"https:\/\/www.tiktok.com\/@76actu.fr?lang=fr\" target=\"_blank\" rel=\"noopener\">notre compte TikTok<\/a><\/p>\n<p class=\" wall-content\">Personnalisez votre actualit\u00e9 en ajoutant vos villes et m\u00e9dias en favori avec <a href=\"https:\/\/moncompte.actu.fr\" title=\"D\u00e9couvez Mon Actu\" rel=\"nofollow noopener\" data-trk=\"{&quot;cta&quot;:{&quot;action&quot;:&quot;https:\\\/\\\/moncompte.actu.fr&quot;,&quot;category&quot;:&quot;mon compte&quot;,&quot;from&quot;:&quot;article footer&quot;,&quot;name&quot;:&quot;Mon actu&quot;,&quot;type&quot;:&quot;cta&quot;}}\" target=\"_blank\">Mon Actu<\/a>.<\/p>\n<p>                    <script async src=\"\/\/www.tiktok.com\/embed.js\"><\/script><\/p>\n","protected":false},"excerpt":{"rendered":"Par Adrien Filoche Publi\u00e9 le 24 d\u00e9c. 2025 \u00e0 12h05 Difficile de comprendre son comportement, mais l\u2019alcool n\u2019a&hellip;\n","protected":false},"author":2,"featured_media":619893,"comment_status":"","ping_status":"","sticky":false,"template":"","format":"standard","meta":{"footnotes":""},"categories":[9587],"tags":[1111,11,5702,1777,674,118,1011,27,12,5161,1072,25,9590],"class_list":{"0":"post-619892","1":"post","2":"type-post","3":"status-publish","4":"format-standard","5":"has-post-thumbnail","7":"category-rouen","8":"tag-actu","9":"tag-actualites","10":"tag-alcool","11":"tag-eu","12":"tag-europe","13":"tag-faits-divers","14":"tag-fr","15":"tag-france","16":"tag-news","17":"tag-normandie","18":"tag-police","19":"tag-republique-francaise","20":"tag-rouen"},"share_on_mastodon":{"url":"https:\/\/pubeurope.com\/@fr\/115774512425925768","error":""},"_links":{"self":[{"href":"https:\/\/www.europesays.com\/fr\/wp-json\/wp\/v2\/posts\/619892","targetHints":{"allow":["GET"]}}],"collection":[{"href":"https:\/\/www.europesays.com\/fr\/wp-json\/wp\/v2\/posts"}],"about":[{"href":"https:\/\/www.europesays.com\/fr\/wp-json\/wp\/v2\/types\/post"}],"author":[{"embeddable":true,"href":"https:\/\/www.europesays.com\/fr\/wp-json\/wp\/v2\/users\/2"}],"replies":[{"embeddable":true,"href":"https:\/\/www.europesays.com\/fr\/wp-json\/wp\/v2\/comments?post=619892"}],"version-history":[{"count":0,"href":"https:\/\/www.europesays.com\/fr\/wp-json\/wp\/v2\/posts\/619892\/revisions"}],"wp:featuredmedia":[{"embeddable":true,"href":"https:\/\/www.europesays.com\/fr\/wp-json\/wp\/v2\/media\/619893"}],"wp:attachment":[{"href":"https:\/\/www.europesays.com\/fr\/wp-json\/wp\/v2\/media?parent=619892"}],"wp:term":[{"taxonomy":"category","embeddable":true,"href":"https:\/\/www.europesays.com\/fr\/wp-json\/wp\/v2\/categories?post=619892"},{"taxonomy":"post_tag","embeddable":true,"href":"https:\/\/www.europesays.com\/fr\/wp-json\/wp\/v2\/tags?post=619892"}],"curies":[{"name":"wp","href":"https:\/\/api.w.org\/{rel}","templated":true}]}}