{"id":619896,"date":"2025-12-24T12:29:22","date_gmt":"2025-12-24T12:29:22","guid":{"rendered":"https:\/\/www.europesays.com\/fr\/619896\/"},"modified":"2025-12-24T12:29:22","modified_gmt":"2025-12-24T12:29:22","slug":"grenoble-confirme-sa-domination-face-a-angers-angers-info","status":"publish","type":"post","link":"https:\/\/www.europesays.com\/fr\/619896\/","title":{"rendered":"Grenoble confirme sa domination face \u00e0 Angers \u2013 Angers Info"},"content":{"rendered":"<p><img fetchpriority=\"high\" decoding=\"async\" width=\"1024\" height=\"768\" src=\"https:\/\/www.europesays.com\/fr\/wp-content\/uploads\/2025\/09\/Gj6tSpUWAAAUC2G-1024x768.jpeg\" alt=\"\" class=\"wp-image-157256\"  \/>DR : Grenoble s\u2019est impos\u00e9 3-1 face \u00e0 Angers lors d\u2019un match de Ligue Magnus disput\u00e9 sans incident, confirmant sa sup\u00e9riorit\u00e9 et reprenant la deuxi\u00e8me place du classement<\/p>\n<p><strong>Ligue Magnus. Une affiche attendue, disput\u00e9e sous haute attention apr\u00e8s les incidents survenus lors de leur pr\u00e9c\u00e9dent affrontement, le 30 novembre. Cette fois, aucun d\u00e9bordement : le match s\u2019est jou\u00e9 uniquement sur la glace, o\u00f9 les Br\u00fbleurs de Loups ont pris le dessus.<\/strong><\/p>\n<p><strong>Un duel scrut\u00e9 apr\u00e8s les tensions de novembre<\/strong><\/p>\n<p>Plus de trois semaines apr\u00e8s une rencontre marqu\u00e9e par une violente altercation collective, Br\u00fbleurs de Loups de Grenoble et Ducs d\u2019Angers se retrouvaient pour un choc sous surveillance. L\u2019enjeu \u00e9tait double, sportif et symbolique, dans un contexte o\u00f9 les deux formations jouent les premiers r\u00f4les en Ligue Magnus.<\/p>\n<p><strong>Grenoble plus r\u00e9aliste et plus tranchant<\/strong><\/p>\n<p>Sur la glace de Polesud, les Grenoblois ont rapidement impos\u00e9 leur rythme. Solides collectivement et efficaces offensivement, ils ont fait la diff\u00e9rence gr\u00e2ce \u00e0 un doubl\u00e9 de Christophe Boivin. Nicolas Deschamps est venu compl\u00e9ter la marque, offrant \u00e0 Grenoble un succ\u00e8s net (3-1). Les Angevins, moins incisifs, n\u2019ont pas r\u00e9ussi \u00e0 inverser la tendance malgr\u00e9 une r\u00e9duction du score.<\/p>\n<p><strong>Un classement qui se resserre en haut de tableau<\/strong><\/p>\n<p>Avec cette victoire, Grenoble reprend la deuxi\u00e8me place du championnat aux d\u00e9pens d\u2019Angers. Les Ducs voient \u00e9galement l\u2019\u00e9cart se creuser avec le leader Dragons de Rouen, d\u00e9sormais distant de quatre points. Une nouvelle confirmation de la solidit\u00e9 grenobloise dans les confrontations directes face aux cadors de la Ligue Magnus.<\/p>\n","protected":false},"excerpt":{"rendered":"DR : Grenoble s\u2019est impos\u00e9 3-1 face \u00e0 Angers lors d\u2019un match de Ligue Magnus disput\u00e9 sans incident,&hellip;\n","protected":false},"author":2,"featured_media":414228,"comment_status":"","ping_status":"","sticky":false,"template":"","format":"standard","meta":{"footnotes":""},"categories":[9566],"tags":[1111,11,1438,2430,54460,1777,674,1011,27,2731,52323,13291,12,25],"class_list":{"0":"post-619896","1":"post","2":"type-post","3":"status-publish","4":"format-standard","5":"has-post-thumbnail","7":"category-grenoble","8":"tag-actu","9":"tag-actualites","10":"tag-angers","11":"tag-auvergne-rhone-alpes","12":"tag-ducs-angers","13":"tag-eu","14":"tag-europe","15":"tag-fr","16":"tag-france","17":"tag-grenoble","18":"tag-ligue-magnus","19":"tag-maine-et-loire","20":"tag-news","21":"tag-republique-francaise"},"share_on_mastodon":{"url":"https:\/\/pubeurope.com\/@fr\/115774552612847775","error":""},"_links":{"self":[{"href":"https:\/\/www.europesays.com\/fr\/wp-json\/wp\/v2\/posts\/619896","targetHints":{"allow":["GET"]}}],"collection":[{"href":"https:\/\/www.europesays.com\/fr\/wp-json\/wp\/v2\/posts"}],"about":[{"href":"https:\/\/www.europesays.com\/fr\/wp-json\/wp\/v2\/types\/post"}],"author":[{"embeddable":true,"href":"https:\/\/www.europesays.com\/fr\/wp-json\/wp\/v2\/users\/2"}],"replies":[{"embeddable":true,"href":"https:\/\/www.europesays.com\/fr\/wp-json\/wp\/v2\/comments?post=619896"}],"version-history":[{"count":0,"href":"https:\/\/www.europesays.com\/fr\/wp-json\/wp\/v2\/posts\/619896\/revisions"}],"wp:featuredmedia":[{"embeddable":true,"href":"https:\/\/www.europesays.com\/fr\/wp-json\/wp\/v2\/media\/414228"}],"wp:attachment":[{"href":"https:\/\/www.europesays.com\/fr\/wp-json\/wp\/v2\/media?parent=619896"}],"wp:term":[{"taxonomy":"category","embeddable":true,"href":"https:\/\/www.europesays.com\/fr\/wp-json\/wp\/v2\/categories?post=619896"},{"taxonomy":"post_tag","embeddable":true,"href":"https:\/\/www.europesays.com\/fr\/wp-json\/wp\/v2\/tags?post=619896"}],"curies":[{"name":"wp","href":"https:\/\/api.w.org\/{rel}","templated":true}]}}