{"id":619899,"date":"2025-12-24T12:31:16","date_gmt":"2025-12-24T12:31:16","guid":{"rendered":"https:\/\/www.europesays.com\/fr\/619899\/"},"modified":"2025-12-24T12:31:16","modified_gmt":"2025-12-24T12:31:16","slug":"nantes-tente-un-coup-ose-pour-un-buteur-rennes-a-perdu-un-joli-dossier","status":"publish","type":"post","link":"https:\/\/www.europesays.com\/fr\/619899\/","title":{"rendered":"Nantes tente un coup os\u00e9 pour un buteur, Rennes a perdu un joli dossier"},"content":{"rendered":"<p>Alors que le mercato hivernal bat son plein, Nantes tente un coup ambitieux pour renforcer son attaque, en s\u2019int\u00e9ressant de pr\u00e8s \u00e0 Louis Munteanu, l\u2019international roumain de Cluj, selon Ekrem Konur. \u00c2g\u00e9 de 23 ans et sous contrat jusqu\u2019en 2028, Munteanu a d\u00e9j\u00e0 montr\u00e9 sa polyvalence offensive cette saison avec 3 buts et 6 passes d\u00e9cisives en 21 matchs toutes comp\u00e9titions confondues.<\/p>\n<p>Le club roumain r\u00e9clame environ 4 millions d\u2019euros pour son transfert, une somme que les Canaris pourraient investir afin de se renforcer dans leur lutte pour le maintien en Ligue 1. L\u2019OL suivrait d&rsquo;ailleurs \u00e9galement ce dossier, cherchant \u00e0 ajouter de nouvelles options offensives pour Paulo Fonseca, notamment apr\u00e8s l\u2019arriv\u00e9e imminente d\u2019Endrick en pr\u00eat. Nantes pourrait donc profiter de l\u2019opportunit\u00e9 pour s\u2019attacher les services d\u2019un joueur d\u00e9sireux de se faire un nom dans un grand championnat europ\u00e9en, malgr\u00e9 la concurrence de clubs espagnols comme le Real Betis, Girona ou Valence.<\/p>\n<p>A lire aussi :Echeverri ne rejoindra pas Rennes<\/p>\n<p>Pendant ce temps, Rennes voit un joli dossier lui \u00e9chapper. Le Stade Rennais avait tent\u00e9 de convaincre Manchester City de pr\u00eater Claudio Echeverri, jeune milieu offensif argentin, pour compenser son manque de temps de jeu \u00e0 Leverkusen.<\/p>\n<p>Mais Manchester City a finalement d\u00e9cid\u00e9 de l\u2019envoyer dans un autre club du City Group, G\u00e9rone, jusqu\u2019\u00e0 la fin de la saison. Cette d\u00e9cision met un terme aux espoirs rennais, qui devront d\u00e9sormais activer leurs plans B pour se renforcer dans ce secteur. Echeverri, recrut\u00e9 20 millions d\u2019euros par Manchester City en 2024, devrait b\u00e9n\u00e9ficier de plus de temps de jeu en Liga, o\u00f9 il retrouvera notamment Azzedine Ounahi.<\/p>\n<p>   Partagez cette info avec vos amis et vos proches en cliquant ici<br \/> Pour r\u00e9sumer<\/p>\n<p>Nantes tente un coup pour renforcer son attaque avec Louis Munteanu, international roumain de Cluj, alors que l\u2019OL le suit aussi. Rennes, de son c\u00f4t\u00e9, voit Claudio Echeverri lui \u00e9chapper : Manchester City l\u2019envoie en pr\u00eat \u00e0 G\u00e9rone, obligeant les Bretons \u00e0 activer d\u2019autres pistes pour se renforcer cet hiver.<\/p>\n<p>R\u00e9dacteur<\/p>\n<p><img decoding=\"async\" width=\"76\" height=\"76\" loading=\"lazy\" src=\"https:\/\/www.europesays.com\/fr\/wp-content\/uploads\/2025\/04\/logo-julien-pedebos.jpg\" alt=\"Julien P\u00e9debos\"\/><\/p>\n","protected":false},"excerpt":{"rendered":"Alors que le mercato hivernal bat son plein, Nantes tente un coup ambitieux pour renforcer son attaque, en&hellip;\n","protected":false},"author":2,"featured_media":619900,"comment_status":"","ping_status":"","sticky":false,"template":"","format":"standard","meta":{"footnotes":""},"categories":[2821],"tags":[1111,11,829,1777,674,1011,27,66,12,584,25,10662],"class_list":{"0":"post-619899","1":"post","2":"type-post","3":"status-publish","4":"format-standard","5":"has-post-thumbnail","7":"category-rennes","8":"tag-actu","9":"tag-actualites","10":"tag-bretagne","11":"tag-eu","12":"tag-europe","13":"tag-fr","14":"tag-france","15":"tag-ligue-1","16":"tag-news","17":"tag-rennes","18":"tag-republique-francaise","19":"tag-transferts"},"share_on_mastodon":{"url":"https:\/\/pubeurope.com\/@fr\/115774560650796749","error":""},"_links":{"self":[{"href":"https:\/\/www.europesays.com\/fr\/wp-json\/wp\/v2\/posts\/619899","targetHints":{"allow":["GET"]}}],"collection":[{"href":"https:\/\/www.europesays.com\/fr\/wp-json\/wp\/v2\/posts"}],"about":[{"href":"https:\/\/www.europesays.com\/fr\/wp-json\/wp\/v2\/types\/post"}],"author":[{"embeddable":true,"href":"https:\/\/www.europesays.com\/fr\/wp-json\/wp\/v2\/users\/2"}],"replies":[{"embeddable":true,"href":"https:\/\/www.europesays.com\/fr\/wp-json\/wp\/v2\/comments?post=619899"}],"version-history":[{"count":0,"href":"https:\/\/www.europesays.com\/fr\/wp-json\/wp\/v2\/posts\/619899\/revisions"}],"wp:featuredmedia":[{"embeddable":true,"href":"https:\/\/www.europesays.com\/fr\/wp-json\/wp\/v2\/media\/619900"}],"wp:attachment":[{"href":"https:\/\/www.europesays.com\/fr\/wp-json\/wp\/v2\/media?parent=619899"}],"wp:term":[{"taxonomy":"category","embeddable":true,"href":"https:\/\/www.europesays.com\/fr\/wp-json\/wp\/v2\/categories?post=619899"},{"taxonomy":"post_tag","embeddable":true,"href":"https:\/\/www.europesays.com\/fr\/wp-json\/wp\/v2\/tags?post=619899"}],"curies":[{"name":"wp","href":"https:\/\/api.w.org\/{rel}","templated":true}]}}