{"id":619905,"date":"2025-12-24T12:36:35","date_gmt":"2025-12-24T12:36:35","guid":{"rendered":"https:\/\/www.europesays.com\/fr\/619905\/"},"modified":"2025-12-24T12:36:35","modified_gmt":"2025-12-24T12:36:35","slug":"nice-nexhos-espaces-reprend-slo-et-accelere-lessor-des-hostels-dans-les-grandes-villes","status":"publish","type":"post","link":"https:\/\/www.europesays.com\/fr\/619905\/","title":{"rendered":"NICE : Nexhos Espaces reprend SLO et acc\u00e9l\u00e8re l&rsquo;essor des hostels dans les grandes villes"},"content":{"rendered":"<p><strong>Nexhos Espaces reprend SLO et acc\u00e9l\u00e8re l\u2019essor des hostels dans les grandes villes.<\/strong><\/p>\n<p><b>Nexhos Espaces \u00e9toffe son empreinte dans l\u2019h\u00f4tellerie urbaine en reprenant les hostels SLO, pr\u00e9sents \u00e0 Lyon et Nice, d\u00e9j\u00e0 bien ancr\u00e9s dans le voyage durable.<\/b><b><\/b><\/p>\n<p>L\u2019op\u00e9ration porte le portefeuille de Nexhos \u00e0 500 lits aujourd\u2019hui, avec de nouveaux projets programm\u00e9s \u00e0 Annecy et Nantes pour atteindre 1000 lits d\u2019ici 2028.<\/p>\n","protected":false},"excerpt":{"rendered":"Nexhos Espaces reprend SLO et acc\u00e9l\u00e8re l\u2019essor des hostels dans les grandes villes. Nexhos Espaces \u00e9toffe son empreinte&hellip;\n","protected":false},"author":2,"featured_media":619906,"comment_status":"","ping_status":"","sticky":false,"template":"","format":"standard","meta":{"footnotes":""},"categories":[2819],"tags":[1111,11,1777,674,1011,27,12,2401,882,25],"class_list":{"0":"post-619905","1":"post","2":"type-post","3":"status-publish","4":"format-standard","5":"has-post-thumbnail","7":"category-nice","8":"tag-actu","9":"tag-actualites","10":"tag-eu","11":"tag-europe","12":"tag-fr","13":"tag-france","14":"tag-news","15":"tag-nice","16":"tag-provence-alpes-cote-dazur","17":"tag-republique-francaise"},"share_on_mastodon":{"url":"https:\/\/pubeurope.com\/@fr\/115774579208971240","error":""},"_links":{"self":[{"href":"https:\/\/www.europesays.com\/fr\/wp-json\/wp\/v2\/posts\/619905","targetHints":{"allow":["GET"]}}],"collection":[{"href":"https:\/\/www.europesays.com\/fr\/wp-json\/wp\/v2\/posts"}],"about":[{"href":"https:\/\/www.europesays.com\/fr\/wp-json\/wp\/v2\/types\/post"}],"author":[{"embeddable":true,"href":"https:\/\/www.europesays.com\/fr\/wp-json\/wp\/v2\/users\/2"}],"replies":[{"embeddable":true,"href":"https:\/\/www.europesays.com\/fr\/wp-json\/wp\/v2\/comments?post=619905"}],"version-history":[{"count":0,"href":"https:\/\/www.europesays.com\/fr\/wp-json\/wp\/v2\/posts\/619905\/revisions"}],"wp:featuredmedia":[{"embeddable":true,"href":"https:\/\/www.europesays.com\/fr\/wp-json\/wp\/v2\/media\/619906"}],"wp:attachment":[{"href":"https:\/\/www.europesays.com\/fr\/wp-json\/wp\/v2\/media?parent=619905"}],"wp:term":[{"taxonomy":"category","embeddable":true,"href":"https:\/\/www.europesays.com\/fr\/wp-json\/wp\/v2\/categories?post=619905"},{"taxonomy":"post_tag","embeddable":true,"href":"https:\/\/www.europesays.com\/fr\/wp-json\/wp\/v2\/tags?post=619905"}],"curies":[{"name":"wp","href":"https:\/\/api.w.org\/{rel}","templated":true}]}}