{"id":619911,"date":"2025-12-24T12:42:12","date_gmt":"2025-12-24T12:42:12","guid":{"rendered":"https:\/\/www.europesays.com\/fr\/619911\/"},"modified":"2025-12-24T12:42:12","modified_gmt":"2025-12-24T12:42:12","slug":"le-chanteur-sean-paul-donnera-un-concert-a-larkea-arena-de-bordeaux-en-mai","status":"publish","type":"post","link":"https:\/\/www.europesays.com\/fr\/619911\/","title":{"rendered":"Le chanteur Sean Paul donnera un concert \u00e0 l\u2019Ark\u00e9a Arena de Bordeaux en mai"},"content":{"rendered":"<p>L\u2019artiste Sean Paul posera ses valises \u00e0 l\u2019Ark\u00e9a Arena de Bordeaux le 27\u00a0mai 2026, \u00e0 l\u2019occasion de son Rise Jama\u00efca Tour. Une premi\u00e8re pour la salle de spectacle, qui n\u2019avait encore jamais accueilli cette ic\u00f4ne du dancehall, mondialement connu pour \u00ab\u00a0Get Busy\u00a0\u00bb, \u00ab\u00a0Temperature\u00a0\u00bb, \u00ab\u00a0Gimme the Light\u00a0\u00bb, mais aussi<strong>\u00a0<\/strong>ses titres r\u00e9alis\u00e9s en collaboration avec les plus grandes stars de la musique. Le Jama\u00efcain a notamment travaill\u00e9 avec Beyonc\u00e9 en 2003 avec \u00ab\u00a0Baby boy\u00a0\u00bb, Sia avec \u00ab\u00a0Cheap Thrills\u00a0\u00bb en 2016 ou encore Dua Lipa, la m\u00eame ann\u00e9e, avec le tube \u00ab\u00a0No Lie\u00a0\u00bb.<\/p>\n","protected":false},"excerpt":{"rendered":"L\u2019artiste Sean Paul posera ses valises \u00e0 l\u2019Ark\u00e9a Arena de Bordeaux le 27\u00a0mai 2026, \u00e0 l\u2019occasion de son&hellip;\n","protected":false},"author":2,"featured_media":619912,"comment_status":"","ping_status":"","sticky":false,"template":"","format":"standard","meta":{"footnotes":""},"categories":[2817],"tags":[1111,11,1997,1777,674,1011,27,12,2219,25],"class_list":{"0":"post-619911","1":"post","2":"type-post","3":"status-publish","4":"format-standard","5":"has-post-thumbnail","7":"category-bordeaux","8":"tag-actu","9":"tag-actualites","10":"tag-bordeaux","11":"tag-eu","12":"tag-europe","13":"tag-fr","14":"tag-france","15":"tag-news","16":"tag-nouvelle-aquitaine","17":"tag-republique-francaise"},"share_on_mastodon":{"url":"https:\/\/pubeurope.com\/@fr\/115774603078969645","error":""},"_links":{"self":[{"href":"https:\/\/www.europesays.com\/fr\/wp-json\/wp\/v2\/posts\/619911","targetHints":{"allow":["GET"]}}],"collection":[{"href":"https:\/\/www.europesays.com\/fr\/wp-json\/wp\/v2\/posts"}],"about":[{"href":"https:\/\/www.europesays.com\/fr\/wp-json\/wp\/v2\/types\/post"}],"author":[{"embeddable":true,"href":"https:\/\/www.europesays.com\/fr\/wp-json\/wp\/v2\/users\/2"}],"replies":[{"embeddable":true,"href":"https:\/\/www.europesays.com\/fr\/wp-json\/wp\/v2\/comments?post=619911"}],"version-history":[{"count":0,"href":"https:\/\/www.europesays.com\/fr\/wp-json\/wp\/v2\/posts\/619911\/revisions"}],"wp:featuredmedia":[{"embeddable":true,"href":"https:\/\/www.europesays.com\/fr\/wp-json\/wp\/v2\/media\/619912"}],"wp:attachment":[{"href":"https:\/\/www.europesays.com\/fr\/wp-json\/wp\/v2\/media?parent=619911"}],"wp:term":[{"taxonomy":"category","embeddable":true,"href":"https:\/\/www.europesays.com\/fr\/wp-json\/wp\/v2\/categories?post=619911"},{"taxonomy":"post_tag","embeddable":true,"href":"https:\/\/www.europesays.com\/fr\/wp-json\/wp\/v2\/tags?post=619911"}],"curies":[{"name":"wp","href":"https:\/\/api.w.org\/{rel}","templated":true}]}}