{"id":619913,"date":"2025-12-24T12:43:17","date_gmt":"2025-12-24T12:43:17","guid":{"rendered":"https:\/\/www.europesays.com\/fr\/619913\/"},"modified":"2025-12-24T12:43:17","modified_gmt":"2025-12-24T12:43:17","slug":"le-capc-se-transforme-en-terrain-de-jeu-geant-pour-les-enfants","status":"publish","type":"post","link":"https:\/\/www.europesays.com\/fr\/619913\/","title":{"rendered":"le CAPC se transforme en terrain de jeu g\u00e9ant pour les enfants"},"content":{"rendered":"<p>        <img decoding=\"async\" id=\"27200425\" src=\"https:\/\/www.europesays.com\/fr\/wp-content\/uploads\/2025\/12\/capc-2025-jepm-frederic-deval-1.jpg\" alt=\"Les pirates en herbe repartiront avec un petit drapeau de corsaire du CAPC.\" itemprop=\"contentURL\"\/><\/p>\n<p>    Les pirates en herbe repartiront avec un petit drapeau de corsaire du CAPC.<\/p>\n<p>Fr\u00e9d\u00e9ric Deval<\/p>\n<p>Les enfants pourront \u00e9galement fabriquer leur propre carte de v\u0153ux \u00e0 paillettes et s\u2019initier \u00e0 la s\u00e9rigraphie. Ils pourront aussi profiter du Cool Kids Space et de sa galerie d\u00e9di\u00e9e aux 2 \u2013 8\u00a0ans, avec des ateliers de cr\u00e9ation de masques et d\u2019affiches, un coin musique, une guinguette et un grand espace de construction en mousse pour se d\u00e9penser. Les petits pirates en herbe suivront les visites ludiques \u00ab\u00a0\u00c0 l\u2019abordage\u00a0\u00bb, autour de l\u2019exposition \u00ab\u00a0L\u2019Invention du quotidien\u00a0\u00bb et repartiront avec un petit drapeau de corsaire. Enfin, ils seront invit\u00e9s \u00e0 d\u00e9coder \u00ab\u00a0La Carte au tr\u00e9sor\u00a0\u00bb, un jeu de piste \u00e0 l\u2019\u00e9chelle de la nef menant \u00e0 une surprise chocolat\u00e9e.<\/p>\n<p>Pour le d\u00e9jeuner ou le go\u00fbter, direction le <a href=\"https:\/\/tousvivants.fr\/vivants-le-cafe-du-musee\/\" target=\"_blank\" rel=\"nofollow noopener\">Caf\u00e9 du Mus\u00e9e by Vivants.<\/a> Sur le rooftop, ce spot familial propose une cuisine maison, bio et locale, id\u00e9ale pour reprendre des forces entre deux activit\u00e9s.<\/p>\n<p>Dimanche 28\u00a0d\u00e9cembre, de 11\u00a0\u00e0 18\u00a0heures au <a href=\"https:\/\/www.capc-bordeaux.fr\/cafe-du-musee\" target=\"_blank\" rel=\"nofollow noopener\">CAPC Mus\u00e9e d\u2019art contemporain de Bordeaux<\/a> (7 rue Ferr\u00e8re). Gratuite pour les enfants (pour les &#8211; de 18\u00a0ans), pour un accompagnant quand l\u2019enfant a la carte jeune. 8\u00a0euros pour les adultes et 4,50\u00a0\u20ac avec un tarif r\u00e9duit. 2\u00a0euros pour les \u00e9tudiants de &#8211; de 26\u00a0ans. 05\u00a056\u00a000\u00a081\u00a050. Caf\u00e9 du mus\u00e9e\u00a0: 05\u00a056\u00a006\u00a035\u00a070.<\/p>\n","protected":false},"excerpt":{"rendered":"Les pirates en herbe repartiront avec un petit drapeau de corsaire du CAPC. Fr\u00e9d\u00e9ric Deval Les enfants pourront&hellip;\n","protected":false},"author":2,"featured_media":619914,"comment_status":"","ping_status":"","sticky":false,"template":"","format":"standard","meta":{"footnotes":""},"categories":[2817],"tags":[1111,11,1997,1777,674,1011,27,12,2219,25],"class_list":{"0":"post-619913","1":"post","2":"type-post","3":"status-publish","4":"format-standard","5":"has-post-thumbnail","7":"category-bordeaux","8":"tag-actu","9":"tag-actualites","10":"tag-bordeaux","11":"tag-eu","12":"tag-europe","13":"tag-fr","14":"tag-france","15":"tag-news","16":"tag-nouvelle-aquitaine","17":"tag-republique-francaise"},"share_on_mastodon":{"url":"https:\/\/pubeurope.com\/@fr\/115774608470268923","error":""},"_links":{"self":[{"href":"https:\/\/www.europesays.com\/fr\/wp-json\/wp\/v2\/posts\/619913","targetHints":{"allow":["GET"]}}],"collection":[{"href":"https:\/\/www.europesays.com\/fr\/wp-json\/wp\/v2\/posts"}],"about":[{"href":"https:\/\/www.europesays.com\/fr\/wp-json\/wp\/v2\/types\/post"}],"author":[{"embeddable":true,"href":"https:\/\/www.europesays.com\/fr\/wp-json\/wp\/v2\/users\/2"}],"replies":[{"embeddable":true,"href":"https:\/\/www.europesays.com\/fr\/wp-json\/wp\/v2\/comments?post=619913"}],"version-history":[{"count":0,"href":"https:\/\/www.europesays.com\/fr\/wp-json\/wp\/v2\/posts\/619913\/revisions"}],"wp:featuredmedia":[{"embeddable":true,"href":"https:\/\/www.europesays.com\/fr\/wp-json\/wp\/v2\/media\/619914"}],"wp:attachment":[{"href":"https:\/\/www.europesays.com\/fr\/wp-json\/wp\/v2\/media?parent=619913"}],"wp:term":[{"taxonomy":"category","embeddable":true,"href":"https:\/\/www.europesays.com\/fr\/wp-json\/wp\/v2\/categories?post=619913"},{"taxonomy":"post_tag","embeddable":true,"href":"https:\/\/www.europesays.com\/fr\/wp-json\/wp\/v2\/tags?post=619913"}],"curies":[{"name":"wp","href":"https:\/\/api.w.org\/{rel}","templated":true}]}}