{"id":619919,"date":"2025-12-24T12:48:52","date_gmt":"2025-12-24T12:48:52","guid":{"rendered":"https:\/\/www.europesays.com\/fr\/619919\/"},"modified":"2025-12-24T12:48:52","modified_gmt":"2025-12-24T12:48:52","slug":"a-lille-on-fait-quoi-pour-le-nouvel-an","status":"publish","type":"post","link":"https:\/\/www.europesays.com\/fr\/619919\/","title":{"rendered":"\u00c0 Lille, on fait quoi pour le Nouvel an ?"},"content":{"rendered":"<p>\ud83e\udea9 \u00c0 Lille, on fait quoi pour le Nouvel an ? \ud83e\udea9<\/p>\n<p>Soir\u00e9es entre potes, dans le Vieux-Lille, \u00e0 JB Lebas&#8230; on est partis en plein centre de Lille pour demander aux Lillois\u00b7es o\u00f9 iels vont faire la f\u00eate le 31 d\u00e9cembre. De notre c\u00f4t\u00e9, on vous a fait une liste non-exhaustive sur Vozer.fr (lien dans la bio).<\/p>\n<p>Dites-nous en commentaire quels sont vos meilleurs spots pour finir 2025 en beaut\u00e9. \ud83d\udc47<\/p>\n<p><a class=\"x1i10hfl xjbqb8w x1ejq31n x18oe1m7 x1sy0etr xstzfhl x972fbf x10w94by x1qhh985 x14e42zd x9f619 x1ypdohk xt0psk2 x3ct3a4 xdj266r x14z9mp xat24cr x1lziwak xexx8yu xyri2b x18d9i69 x1c1uobl x16tdsg8 x1hl2dhg xggy1nq x1a2a7pz  _aa9_ _a6hd\" href=\"https:\/\/www.instagram.com\/explore\/tags\/vozerlille\/\" role=\"link\" tabindex=\"0\" style=\"color: rgb(65, 80, 247); cursor: pointer; text-decoration-line: none; outline: none; border-inline-width: 0px; margin-inline: 0px; border-inline-style: none; padding-inline: 0px; -webkit-tap-highlight-color: transparent; list-style-type: none; touch-action: manipulation; display: inline; padding-bottom: 0px; border-top-style: none; border-bottom-width: 0px; border-bottom-style: none; border-top-width: 0px; margin-bottom: 0px; margin-top: 0px; padding-top: 0px; overflow-wrap: break-word; font-family: -apple-system, BlinkMacSystemFont, &quot;Segoe UI&quot;, Roboto, Helvetica, Arial, sans-serif; font-size: 14px;\" target=\"_blank\" rel=\"noopener\">#vozerlille<\/a>\u00a0<a class=\"x1i10hfl xjbqb8w x1ejq31n x18oe1m7 x1sy0etr xstzfhl x972fbf x10w94by x1qhh985 x14e42zd x9f619 x1ypdohk xt0psk2 x3ct3a4 xdj266r x14z9mp xat24cr x1lziwak xexx8yu xyri2b x18d9i69 x1c1uobl x16tdsg8 x1hl2dhg xggy1nq x1a2a7pz  _aa9_ _a6hd\" href=\"https:\/\/www.instagram.com\/explore\/tags\/lille\/\" role=\"link\" tabindex=\"0\" style=\"color: rgb(65, 80, 247); cursor: pointer; text-decoration-line: none; outline: none; border-inline-width: 0px; margin-inline: 0px; border-inline-style: none; padding-inline: 0px; -webkit-tap-highlight-color: transparent; list-style-type: none; touch-action: manipulation; display: inline; padding-bottom: 0px; border-top-style: none; border-bottom-width: 0px; border-bottom-style: none; border-top-width: 0px; margin-bottom: 0px; margin-top: 0px; padding-top: 0px; overflow-wrap: break-word; font-family: -apple-system, BlinkMacSystemFont, &quot;Segoe UI&quot;, Roboto, Helvetica, Arial, sans-serif; font-size: 14px;\" target=\"_blank\" rel=\"noopener\">#lille<\/a>\u00a0<a class=\"x1i10hfl xjbqb8w x1ejq31n x18oe1m7 x1sy0etr xstzfhl x972fbf x10w94by x1qhh985 x14e42zd x9f619 x1ypdohk xt0psk2 x3ct3a4 xdj266r x14z9mp xat24cr x1lziwak xexx8yu xyri2b x18d9i69 x1c1uobl x16tdsg8 x1hl2dhg xggy1nq x1a2a7pz  _aa9_ _a6hd\" href=\"https:\/\/www.instagram.com\/explore\/tags\/ousortiralille\/\" role=\"link\" tabindex=\"0\" style=\"color: rgb(65, 80, 247); cursor: pointer; text-decoration-line: none; outline: none; border-inline-width: 0px; margin-inline: 0px; border-inline-style: none; padding-inline: 0px; -webkit-tap-highlight-color: transparent; list-style-type: none; touch-action: manipulation; display: inline; padding-bottom: 0px; border-top-style: none; border-bottom-width: 0px; border-bottom-style: none; border-top-width: 0px; margin-bottom: 0px; margin-top: 0px; padding-top: 0px; overflow-wrap: break-word; font-family: -apple-system, BlinkMacSystemFont, &quot;Segoe UI&quot;, Roboto, Helvetica, Arial, sans-serif; font-size: 14px;\" target=\"_blank\" rel=\"noopener\">#ousortiralille<\/a>\u00a0<a class=\"x1i10hfl xjbqb8w x1ejq31n x18oe1m7 x1sy0etr xstzfhl x972fbf x10w94by x1qhh985 x14e42zd x9f619 x1ypdohk xt0psk2 x3ct3a4 xdj266r x14z9mp xat24cr x1lziwak xexx8yu xyri2b x18d9i69 x1c1uobl x16tdsg8 x1hl2dhg xggy1nq x1a2a7pz  _aa9_ _a6hd\" href=\"https:\/\/www.instagram.com\/explore\/tags\/soir%C3%A9e\/\" role=\"link\" tabindex=\"0\" style=\"color: rgb(65, 80, 247); cursor: pointer; text-decoration-line: none; outline: none; border-inline-width: 0px; margin-inline: 0px; border-inline-style: none; padding-inline: 0px; -webkit-tap-highlight-color: transparent; list-style-type: none; touch-action: manipulation; display: inline; padding-bottom: 0px; border-top-style: none; border-bottom-width: 0px; border-bottom-style: none; border-top-width: 0px; margin-bottom: 0px; margin-top: 0px; padding-top: 0px; overflow-wrap: break-word; font-family: -apple-system, BlinkMacSystemFont, &quot;Segoe UI&quot;, Roboto, Helvetica, Arial, sans-serif; font-size: 14px;\" target=\"_blank\" rel=\"noopener\">#soir\u00e9e<\/a><\/p>\n<p>\n            <strong>Lola Pierkot<\/strong>,\u00a0<br \/>\n          24 d\u00e9c. 2025\n        <\/p>\n<p><script async src=\"\/\/www.instagram.com\/embed.js\"><\/script><\/p>\n","protected":false},"excerpt":{"rendered":"\ud83e\udea9 \u00c0 Lille, on fait quoi pour le Nouvel an ? \ud83e\udea9 Soir\u00e9es entre potes, dans le Vieux-Lille,&hellip;\n","protected":false},"author":2,"featured_media":10156,"comment_status":"","ping_status":"","sticky":false,"template":"","format":"standard","meta":{"footnotes":""},"categories":[2815],"tags":[1111,11,1777,674,1011,27,811,1307,12,25],"class_list":{"0":"post-619919","1":"post","2":"type-post","3":"status-publish","4":"format-standard","5":"has-post-thumbnail","7":"category-lille","8":"tag-actu","9":"tag-actualites","10":"tag-eu","11":"tag-europe","12":"tag-fr","13":"tag-france","14":"tag-hauts-de-france","15":"tag-lille","16":"tag-news","17":"tag-republique-francaise"},"share_on_mastodon":{"url":"https:\/\/pubeurope.com\/@fr\/115774630377325495","error":""},"_links":{"self":[{"href":"https:\/\/www.europesays.com\/fr\/wp-json\/wp\/v2\/posts\/619919","targetHints":{"allow":["GET"]}}],"collection":[{"href":"https:\/\/www.europesays.com\/fr\/wp-json\/wp\/v2\/posts"}],"about":[{"href":"https:\/\/www.europesays.com\/fr\/wp-json\/wp\/v2\/types\/post"}],"author":[{"embeddable":true,"href":"https:\/\/www.europesays.com\/fr\/wp-json\/wp\/v2\/users\/2"}],"replies":[{"embeddable":true,"href":"https:\/\/www.europesays.com\/fr\/wp-json\/wp\/v2\/comments?post=619919"}],"version-history":[{"count":0,"href":"https:\/\/www.europesays.com\/fr\/wp-json\/wp\/v2\/posts\/619919\/revisions"}],"wp:featuredmedia":[{"embeddable":true,"href":"https:\/\/www.europesays.com\/fr\/wp-json\/wp\/v2\/media\/10156"}],"wp:attachment":[{"href":"https:\/\/www.europesays.com\/fr\/wp-json\/wp\/v2\/media?parent=619919"}],"wp:term":[{"taxonomy":"category","embeddable":true,"href":"https:\/\/www.europesays.com\/fr\/wp-json\/wp\/v2\/categories?post=619919"},{"taxonomy":"post_tag","embeddable":true,"href":"https:\/\/www.europesays.com\/fr\/wp-json\/wp\/v2\/tags?post=619919"}],"curies":[{"name":"wp","href":"https:\/\/api.w.org\/{rel}","templated":true}]}}