{"id":619920,"date":"2025-12-24T12:51:31","date_gmt":"2025-12-24T12:51:31","guid":{"rendered":"https:\/\/www.europesays.com\/fr\/619920\/"},"modified":"2025-12-24T12:51:31","modified_gmt":"2025-12-24T12:51:31","slug":"elle-se-defoule-sur-son-fils-de-6-ans-dans-un-tgv-lille-nimes-la-police-les-attend-a-larrivee","status":"publish","type":"post","link":"https:\/\/www.europesays.com\/fr\/619920\/","title":{"rendered":"Elle se d\u00e9foule sur son fils de 6 ans dans un TGV Lille-N\u00eemes, la police les attend \u00e0 l\u2019arriv\u00e9e"},"content":{"rendered":"<p data-start=\"72\" data-end=\"1009\">Un dramatique incident s\u2019est<br \/>\nproduit dans la soir\u00e9e du samedi 6 d\u00e9cembre 2025 \u00e0 bord d\u2019un TGV<br \/>\nreliant Lille \u00e0 N\u00eemes. Selon Le Parisien, <strong>une m\u00e8re<br \/>\na violemment frapp\u00e9 son gar\u00e7on de six ans<\/strong>. Les passagers<br \/>\npr\u00e9sents sont rest\u00e9s impuissants face \u00e0 la sc\u00e8ne. D\u2019apr\u00e8s les<br \/>\nt\u00e9moignages, la quadrag\u00e9naire aurait frapp\u00e9 la t\u00eate de l\u2019enfant<br \/>\ncontre une tablette et lui avoir tir\u00e9 les cheveux. Elle aurait<br \/>\nensuite tent\u00e9 de l\u2019\u00e9trangler apr\u00e8s qu\u2019il eut renvers\u00e9 une<br \/>\nboisson.<\/p>\n<p data-start=\"72\" data-end=\"1009\">Choqu\u00e9s par la violence des<br \/>\ngestes, les voyageurs ont imm\u00e9diatement alert\u00e9 le personnel du<br \/>\ntrain, qui a contact\u00e9 les forces de l\u2019ordre. \u00c0 l\u2019arriv\u00e9e \u00e0<br \/>\nMarne-la-Vall\u00e9e-Chessy, la m\u00e8re a \u00e9t\u00e9 interpell\u00e9e. Les forces de<br \/>\nl\u2019ordre l\u2019ont ensuite plac\u00e9e en <strong>garde \u00e0 vue<\/strong>. Le<br \/>\ntout pour violences volontaires sur mineur de 15 ans et moins.<br \/>\n<a href=\"https:\/\/www.closermag.fr\/people\/ingrid-chauvin-horrifiee-elle-poste-un-message-plein-de-colere-apres-la-mort-de-1082831\" target=\"_blank\" rel=\"noopener\"><br \/>\nL\u2019Aide sociale \u00e0 l\u2019enfance<\/a> a pris en charge l\u2019enfant pour<br \/>\nl\u2019examiner et le prot\u00e9ger. Les autorit\u00e9s ont ouvert une enqu\u00eate<br \/>\npour d\u00e9terminer les circonstances exactes et les suites<br \/>\njudiciaires.<\/p>\n<p>Violences dans un TGV : un enfant<br \/>\nde six ans agress\u00e9 par sa m\u00e8re<\/p>\n<p data-start=\"70\" data-end=\"768\">\u00ab\u00a0Selon les t\u00e9moignages<br \/>\nrecueillis, la mise en cause aurait <strong>saisi son fils par les<br \/>\ncheveux<\/strong> pour le remonter sur son si\u00e8ge. Elle<br \/>\n\u00a0lui claquer la t\u00eate contre la tablette \u00e0 trois reprises.<br \/>\nLe gar\u00e7on avait malencontreusement renvers\u00e9 le contenu d\u2019une<br \/>\ncanette de soda sur une passag\u00e8re\u00a0\u00bb, rapporte le procureur de<br \/>\nla R\u00e9publique de Meaux.<\/p>\n<p data-start=\"823\" data-end=\"1411\" data-is-last-node=\"\" data-is-only-node=\"\">L\u2019avocate commise d\u2019office, Sophia Rizk,<br \/>\nd\u00e9crit une femme \u00ab\u00a0tr\u00e8s isol\u00e9e\u00a0\u00bb plong\u00e9e dans une<br \/>\n\u00ab\u00a0d\u00e9tresse sociale et psychologique\u00a0\u00bb. Elle<br \/>\nserait\u00a0\u00ab\u00a0<strong>\u00e9puis\u00e9e<\/strong>\u00a0\u00bb apr\u00e8s un voyage en<br \/>\n<a href=\"https:\/\/www.closermag.fr\/vecu\/elle-tire-la-sonnette-darret-durgence-de-son-tgv-pour-une-raison-hallucinante-3462452\" target=\"_blank\" rel=\"noopener\"><br \/>\nTGV<\/a> et un week-end particuli\u00e8rement \u00e9prouvants pour elle et son<br \/>\nfils. Elle pr\u00e9cise que la m\u00e8re \u00ab\u00a0appara\u00eet tr\u00e8s affect\u00e9e\u00a0\u00bb et<br \/>\n\u00ab\u00a0regrette \u00e9norm\u00e9ment\u00a0\u00bb son geste. La femme estime par ailleurs que<br \/>\nla presse a quelque peu \u00ab\u00a0grossi\u00a0\u00bb les faits qu\u2019on lui reproche.<\/p>\n<p>Une mesure<br \/>\n\u00e9ducative pour la m\u00e8re et une protection pour l\u2019enfant<\/p>\n<p data-start=\"73\" data-end=\"759\">La m\u00e8re, \u00e9tant \u00ab\u00a0d\u00e9pourvue de<br \/>\ntout ant\u00e9c\u00e9dent judiciaire\u00a0\u00bb, a re\u00e7u du parquet de <a href=\"https:\/\/www.closermag.fr\/vecu\/alerte-enlevement-un-nourrisson-disparait-a-meaux-sa-mere-activement-recherchee-3365637\" target=\"_blank\" rel=\"noopener\"><br \/>\nMeaux<\/a> \u00ab\u00a0une mesure de classement sous condition d&rsquo;accomplir,<br \/>\n\u00e0 ses frais. <strong>Un stage de responsabilit\u00e9<br \/>\nparentale<\/strong>\u00ab\u00a0, tandis qu\u2019une \u00ab\u00a0ordonnance de placement<br \/>\nprovisoire\u00a0\u00bb a \u00e9t\u00e9 prise concernant l\u2019enfant. Ce stage, appel\u00e9<br \/>\nSRP, a pour objectif de \u00ab\u00a0rappeler les obligations juridiques,<br \/>\n\u00e9conomiques, sociales et morales qu\u2019implique l\u2019\u00e9ducation d\u2019un<br \/>\nenfant\u00a0\u00bb.<\/p>\n<p>Trois types d\u2019infractions peuvent donner lieu \u00e0 ces stages.<br \/>\nChaque stage dure une journ\u00e9e. Ils sont principalement destin\u00e9s aux<br \/>\nparents d\u2019enfants de moins de 16 ans dont le comportement r\u00e9v\u00e8le<br \/>\n\u00ab\u00a0<strong>une carence de l\u2019autorit\u00e9 parentale<\/strong>\u00ab\u00a0. Le<br \/>\nd\u00e9roulement de la journ\u00e9e combine des interventions d\u2019un<br \/>\nprofessionnel social de l\u2019Udaf et d\u2019un psychologue. Tout se d\u00e9roule<br \/>\ndans un cadre \u00ab\u00a0bienveillant et judiciaire\u00a0\u00bb.<\/p>\n","protected":false},"excerpt":{"rendered":"Un dramatique incident s\u2019est produit dans la soir\u00e9e du samedi 6 d\u00e9cembre 2025 \u00e0 bord d\u2019un TGV reliant&hellip;\n","protected":false},"author":2,"featured_media":619921,"comment_status":"","ping_status":"","sticky":false,"template":"","format":"standard","meta":{"footnotes":""},"categories":[2815],"tags":[1111,11,21303,1777,674,1011,27,811,1307,70426,12,25,2214],"class_list":{"0":"post-619920","1":"post","2":"type-post","3":"status-publish","4":"format-standard","5":"has-post-thumbnail","7":"category-lille","8":"tag-actu","9":"tag-actualites","10":"tag-buzz_nonli","11":"tag-eu","12":"tag-europe","13":"tag-fr","14":"tag-france","15":"tag-hauts-de-france","16":"tag-lille","17":"tag-marfeel_news","18":"tag-news","19":"tag-republique-francaise","20":"tag-tgv"},"share_on_mastodon":{"url":"https:\/\/pubeurope.com\/@fr\/115774638282590044","error":""},"_links":{"self":[{"href":"https:\/\/www.europesays.com\/fr\/wp-json\/wp\/v2\/posts\/619920","targetHints":{"allow":["GET"]}}],"collection":[{"href":"https:\/\/www.europesays.com\/fr\/wp-json\/wp\/v2\/posts"}],"about":[{"href":"https:\/\/www.europesays.com\/fr\/wp-json\/wp\/v2\/types\/post"}],"author":[{"embeddable":true,"href":"https:\/\/www.europesays.com\/fr\/wp-json\/wp\/v2\/users\/2"}],"replies":[{"embeddable":true,"href":"https:\/\/www.europesays.com\/fr\/wp-json\/wp\/v2\/comments?post=619920"}],"version-history":[{"count":0,"href":"https:\/\/www.europesays.com\/fr\/wp-json\/wp\/v2\/posts\/619920\/revisions"}],"wp:featuredmedia":[{"embeddable":true,"href":"https:\/\/www.europesays.com\/fr\/wp-json\/wp\/v2\/media\/619921"}],"wp:attachment":[{"href":"https:\/\/www.europesays.com\/fr\/wp-json\/wp\/v2\/media?parent=619920"}],"wp:term":[{"taxonomy":"category","embeddable":true,"href":"https:\/\/www.europesays.com\/fr\/wp-json\/wp\/v2\/categories?post=619920"},{"taxonomy":"post_tag","embeddable":true,"href":"https:\/\/www.europesays.com\/fr\/wp-json\/wp\/v2\/tags?post=619920"}],"curies":[{"name":"wp","href":"https:\/\/api.w.org\/{rel}","templated":true}]}}