{"id":619924,"date":"2025-12-24T12:53:12","date_gmt":"2025-12-24T12:53:12","guid":{"rendered":"https:\/\/www.europesays.com\/fr\/619924\/"},"modified":"2025-12-24T12:53:12","modified_gmt":"2025-12-24T12:53:12","slug":"abdelli-dit-oui-a-marseille-lyon-recale","status":"publish","type":"post","link":"https:\/\/www.europesays.com\/fr\/619924\/","title":{"rendered":"Abdelli dit oui \u00e0 Marseille, Lyon recal\u00e9"},"content":{"rendered":"<p><b>Annonce \u00e0 la lutte dans le dossier Himad Abdelli, l&rsquo;<a href=\"https:\/\/www.foot01.com\/ol\" title=\"OL\" target=\"_blank\" rel=\"noopener\">OL<\/a> et l&rsquo;OL savent que l&rsquo;avis du joueur angevin va peser lourd. Et l&rsquo;international alg\u00e9rien aurait d\u00e9j\u00e0 choisi. <\/b>Comme souvent ces derni\u00e8res ann\u00e9es, l&rsquo;Olympique Lyonnais et l&rsquo;Olympique de Marseille se croisent sur des dossiers du <a href=\"https:\/\/www.foot01.com\/mercato\" title=\"Mercato\" target=\"_blank\" rel=\"noopener\">mercato<\/a>. Et c&rsquo;est encore une fois le cas concernant Himad Abdelli, dont le d\u00e9part du <a href=\"https:\/\/www.foot01.com\/angers\" title=\"SCO\" target=\"_blank\" rel=\"noopener\">SCO<\/a> est \u00e9voqu\u00e9 depuis quelques jours. Dans un premier temps, l&rsquo;<a href=\"https:\/\/www.foot01.com\/ol\/angers-refuse-loffre-ridicule-de-lol-pour-abdelli\" target=\"_self\" rel=\"noopener\">OL semblait avoir la corde<\/a>, les dirigeants rhodaniens ayant fait du milieu offensif de 26 ans l&rsquo;une de leurs priorit\u00e9s du prochain march\u00e9 hivernal des transferts.Pour cela, Lyon a mis 1 million d&rsquo;euros sur la table, ce qui parait relativement peu pour un joueur au tel potentiel. C&rsquo;est dans ce climat que l&rsquo;on a appris qu&rsquo;\u00e0 son tour l&rsquo;<a href=\"https:\/\/www.foot01.com\/mercato\/cetait-sur-lom-debarque-pour-himad-abdelli\" target=\"_self\" rel=\"noopener\">OM \u00e9tait entr\u00e9 dans la danse pour Himad Abdelli<\/a>. Entre les deux clubs, le joueur doit d\u00e9sormais prendre position si un transfert se r\u00e9alise. Et, \u00e0 priori, l&rsquo;international alg\u00e9rien a d\u00e9j\u00e0 choisi.Abdelli dit oui \u00e0 l&rsquo;OMSelon le compte sp\u00e9cialis\u00e9 La Minute OM : \u00ab\u00a0Himad Abdelli donne sa pr\u00e9f\u00e9rence \u00e0 Marseille !\u00a0\u00bb. Bien \u00e9videmment, pour l&rsquo;instant, m\u00eame si le joueur angevin est plus enclin \u00e0 dire oui au club phoc\u00e9en, il doit tenir compte de l&rsquo;avis de ses dirigeants. Comme <a href=\"https:\/\/www.foot01.com\/mercato\/lom-arrive-sur-abdelli-angers-explose-de-rire\" target=\"_self\" rel=\"noopener\">Foot01 l&rsquo;\u00e9voquait mardi<\/a>, du c\u00f4t\u00e9 du SCO, on souhaite conserver le milieu offensif jusqu&rsquo;\u00e0 la fin de l&rsquo;actuelle saison, et le d\u00e9part de ce dernier, surtout pour 1\u00a0million d&rsquo;euros, a tendance \u00e0 faire sourire. Angers est convaincu que l&rsquo;agent du joueur veut forcer la main au club, alors qu&rsquo;Abdelli sera en fin de contrat en juin prochain.\u00a0<\/p>\n<p>Pour l&rsquo;instant, si l&rsquo;Olympique Lyonnais et l&rsquo;Olympique de Marseille sont pr\u00eats \u00e0 bondir sur l&rsquo;international alg\u00e9rien, le dossier semble encore tr\u00e8s n\u00e9buleux. Pour l&rsquo;instant, Himad Abdelli se focalise uniquement sur la CAN 2025 \u00e0 laquelle il participe apr\u00e8s avoir remplac\u00e9 Houssem Aouar, initialement convoqu\u00e9 mais qui s&rsquo;est bless\u00e9. L&rsquo;absence du joueur angevin dans la premi\u00e8re liste de l&rsquo;Alg\u00e9rie avait suscit\u00e9 une tr\u00e8s grosse pol\u00e9mique, Abdelli sera donc regard\u00e9 de tr\u00e8s pr\u00e8s.<\/p>\n","protected":false},"excerpt":{"rendered":"Annonce \u00e0 la lutte dans le dossier Himad Abdelli, l&rsquo;OL et l&rsquo;OL savent que l&rsquo;avis du joueur angevin&hellip;\n","protected":false},"author":2,"featured_media":619925,"comment_status":"","ping_status":"","sticky":false,"template":"","format":"standard","meta":{"footnotes":""},"categories":[2814],"tags":[1111,11,8936,1777,674,1011,27,884,1434,12,241,149,882,25,17981],"class_list":{"0":"post-619924","1":"post","2":"type-post","3":"status-publish","4":"format-standard","5":"has-post-thumbnail","7":"category-marseille","8":"tag-actu","9":"tag-actualites","10":"tag-breaking-news","11":"tag-eu","12":"tag-europe","13":"tag-fr","14":"tag-france","15":"tag-marseille","16":"tag-mercato","17":"tag-news","18":"tag-ol","19":"tag-om","20":"tag-provence-alpes-cote-dazur","21":"tag-republique-francaise","22":"tag-sco"},"share_on_mastodon":{"url":"https:\/\/pubeurope.com\/@fr\/115774646177373773","error":""},"_links":{"self":[{"href":"https:\/\/www.europesays.com\/fr\/wp-json\/wp\/v2\/posts\/619924","targetHints":{"allow":["GET"]}}],"collection":[{"href":"https:\/\/www.europesays.com\/fr\/wp-json\/wp\/v2\/posts"}],"about":[{"href":"https:\/\/www.europesays.com\/fr\/wp-json\/wp\/v2\/types\/post"}],"author":[{"embeddable":true,"href":"https:\/\/www.europesays.com\/fr\/wp-json\/wp\/v2\/users\/2"}],"replies":[{"embeddable":true,"href":"https:\/\/www.europesays.com\/fr\/wp-json\/wp\/v2\/comments?post=619924"}],"version-history":[{"count":0,"href":"https:\/\/www.europesays.com\/fr\/wp-json\/wp\/v2\/posts\/619924\/revisions"}],"wp:featuredmedia":[{"embeddable":true,"href":"https:\/\/www.europesays.com\/fr\/wp-json\/wp\/v2\/media\/619925"}],"wp:attachment":[{"href":"https:\/\/www.europesays.com\/fr\/wp-json\/wp\/v2\/media?parent=619924"}],"wp:term":[{"taxonomy":"category","embeddable":true,"href":"https:\/\/www.europesays.com\/fr\/wp-json\/wp\/v2\/categories?post=619924"},{"taxonomy":"post_tag","embeddable":true,"href":"https:\/\/www.europesays.com\/fr\/wp-json\/wp\/v2\/tags?post=619924"}],"curies":[{"name":"wp","href":"https:\/\/api.w.org\/{rel}","templated":true}]}}