{"id":619926,"date":"2025-12-24T12:54:15","date_gmt":"2025-12-24T12:54:15","guid":{"rendered":"https:\/\/www.europesays.com\/fr\/619926\/"},"modified":"2025-12-24T12:54:15","modified_gmt":"2025-12-24T12:54:15","slug":"un-fetard-passe-a-tabac-par-un-videur-45-jours-ditt-et-de-multiples-fractures","status":"publish","type":"post","link":"https:\/\/www.europesays.com\/fr\/619926\/","title":{"rendered":"un f\u00eatard pass\u00e9 \u00e0 tabac par un videur, 45 jours d\u2019ITT et de multiples fractures"},"content":{"rendered":"<p>La sc\u00e8ne a \u00e9t\u00e9 d\u2019une violence extr\u00eame pour les t\u00e9moins sur place. Aux alentours de 1\u00a0h\u00a040, dans la nuit du vendredi\u00a019 au samedi 20\u00a0d\u00e9cembre, rue de la Baleine dans le Vieux-Lyon (5e arrondissement), un homme de 28 ans a \u00e9t\u00e9 tabass\u00e9 par le vigile du bar le Black Hole. Son tort\u00a0? \u00catre sorti par une porte de service du bar pour aller fumer une cigarette.<\/p>\n<p>Habitu\u00e9 des lieux, l\u2019individu se voit refuser l\u2019acc\u00e8s \u00e0 la porte de service par le videur. Il insiste. Le videur sort alors une bombe au gaz lacrymog\u00e8ne pour faire reculer l\u2019individu, puis des coups sont \u00e9chang\u00e9s, avant que le vigile devienne hors de contr\u00f4le et vienne passer \u00e0 tabac l\u2019homme de 28 ans, au niveau du visage avec des coups de poing et des coups de pied.<\/p>\n<p>\u00a0<\/p>\n<p>  45 jours d\u2019ITT, le suspect condamn\u00e9<\/p>\n<p>La victime est prise en charge par les pompiers puis transf\u00e9r\u00e9 \u00e0 l\u2019 <a href=\"https:\/\/www.leprogres.fr\/sante\/2025\/11\/10\/meilleur-confort-pour-les-patients-nouveautes-pour-les-soignants-a-lyon-cet-hopital-a-transforme-son-service-de-cardiologie\" target=\"_blank\" rel=\"noopener\">h\u00f4pital Saint-Joseph Saint-Luc<\/a> dans le 7e\u00a0 arrondissement. Le suspect est interpell\u00e9 et plac\u00e9 dans la foul\u00e9e en garde \u00e0 vue par la police arriv\u00e9e rapidement sur place. L\u2019homme reconna\u00eet les violences tout en minimisant, \u00e9voquant la r\u00e9ciprocit\u00e9 des coups.<\/p>\n<p>Pour la victime le bilan est lourd. Avec le visage compl\u00e8tement tum\u00e9fi\u00e9, il lui est diagnostiqu\u00e9 de multiples fractures au niveau du visage. Apr\u00e8s lui avoir r\u00e9alis\u00e9 de tr\u00e8s nombreux points de suture, l\u2019h\u00f4pital lui prescrit 45 jours d\u2019ITT, incapacit\u00e9 totale de travail. La victime a d\u00e9pos\u00e9 plainte.<\/p>\n<p>Le suspect a \u00e9t\u00e9 d\u00e9f\u00e9r\u00e9 au parquet et jug\u00e9 en comparution imm\u00e9diate ce lundi. D\u00e9j\u00e0 connu des services de police pour un fait de violence, l\u2019homme n\u00e9 en 1997 a \u00e9t\u00e9 condamn\u00e9 \u00e0 10 mois de prison ferme avec ex\u00e9cution provision, ainsi que 5 ans d\u2019interdiction de d\u00e9tention d\u2019arme et 5 d\u2019interdiction d\u2019exercer le m\u00e9tier.<\/p>\n","protected":false},"excerpt":{"rendered":"La sc\u00e8ne a \u00e9t\u00e9 d\u2019une violence extr\u00eame pour les t\u00e9moins sur place. Aux alentours de 1\u00a0h\u00a040, dans la&hellip;\n","protected":false},"author":2,"featured_media":619927,"comment_status":"","ping_status":"","sticky":false,"template":"","format":"standard","meta":{"footnotes":""},"categories":[1889],"tags":[1111,11,2430,2757,1777,674,274,107,1011,27,2428,15658,15657,12,25,2429],"class_list":{"0":"post-619926","1":"post","2":"type-post","3":"status-publish","4":"format-standard","5":"has-post-thumbnail","7":"category-lyon","8":"tag-actu","9":"tag-actualites","10":"tag-auvergne-rhone-alpes","11":"tag-edition-lyon-villeurbanne","12":"tag-eu","13":"tag-europe","14":"tag-faits-divers-justice","15":"tag-fil-info","16":"tag-fr","17":"tag-france","18":"tag-lyon","19":"tag-lyon-5e","20":"tag-lyon-5e-arrondissement","21":"tag-news","22":"tag-republique-francaise","23":"tag-rhone"},"share_on_mastodon":{"url":"https:\/\/pubeurope.com\/@fr\/115774650239720156","error":""},"_links":{"self":[{"href":"https:\/\/www.europesays.com\/fr\/wp-json\/wp\/v2\/posts\/619926","targetHints":{"allow":["GET"]}}],"collection":[{"href":"https:\/\/www.europesays.com\/fr\/wp-json\/wp\/v2\/posts"}],"about":[{"href":"https:\/\/www.europesays.com\/fr\/wp-json\/wp\/v2\/types\/post"}],"author":[{"embeddable":true,"href":"https:\/\/www.europesays.com\/fr\/wp-json\/wp\/v2\/users\/2"}],"replies":[{"embeddable":true,"href":"https:\/\/www.europesays.com\/fr\/wp-json\/wp\/v2\/comments?post=619926"}],"version-history":[{"count":0,"href":"https:\/\/www.europesays.com\/fr\/wp-json\/wp\/v2\/posts\/619926\/revisions"}],"wp:featuredmedia":[{"embeddable":true,"href":"https:\/\/www.europesays.com\/fr\/wp-json\/wp\/v2\/media\/619927"}],"wp:attachment":[{"href":"https:\/\/www.europesays.com\/fr\/wp-json\/wp\/v2\/media?parent=619926"}],"wp:term":[{"taxonomy":"category","embeddable":true,"href":"https:\/\/www.europesays.com\/fr\/wp-json\/wp\/v2\/categories?post=619926"},{"taxonomy":"post_tag","embeddable":true,"href":"https:\/\/www.europesays.com\/fr\/wp-json\/wp\/v2\/tags?post=619926"}],"curies":[{"name":"wp","href":"https:\/\/api.w.org\/{rel}","templated":true}]}}