{"id":619928,"date":"2025-12-24T12:55:20","date_gmt":"2025-12-24T12:55:20","guid":{"rendered":"https:\/\/www.europesays.com\/fr\/619928\/"},"modified":"2025-12-24T12:55:20","modified_gmt":"2025-12-24T12:55:20","slug":"bruno-bernard-menace-par-le-duo-sarselli-aulas-le-rn-progresse","status":"publish","type":"post","link":"https:\/\/www.europesays.com\/fr\/619928\/","title":{"rendered":"Bruno Bernard menac\u00e9 par le duo Sarselli\/ Aulas, le RN progresse"},"content":{"rendered":"<p>                    Par<br \/>\n        <strong><br \/>\n            <a href=\"https:\/\/actu.fr\/auteur\/nicolas-zaugra\" title=\"Consulter tous les articles de Nicolas Zaugra\" target=\"_blank\" rel=\"noopener\">Nicolas Zaugra<\/a><br \/>\n                    <\/strong><\/p>\n<p>        Publi\u00e9 le<\/p>\n<p>            24 d\u00e9c. 2025 \u00e0 12h53        <\/p>\n<p>Comme \u00e0 la <a href=\"https:\/\/actu.fr\/auvergne-rhone-alpes\/lyon_69123\/lyon-municipales-2026-jean-michel-aulas-ecrase-toujours-gregory-doucet-surprise-pour-le-rn_63618539.html\" target=\"_blank\" rel=\"noopener\">mairie de Lyon<\/a>, les \u00e9cologistes et la gauche sont aussi s\u00e9rieusement menac\u00e9s \u00e0 la <strong>M\u00e9tropole de Lyon<\/strong>.<\/p>\n<p class=\" wall-content\">Un nouveau sondage \u00e0 para\u00eetre vendredi 26 d\u00e9cembre r\u00e9alis\u00e9 par Opinionway* pour Lyon Mag et Espace Radio donne la candidate LR <a href=\"https:\/\/actu.fr\/auvergne-rhone-alpes\/lyon_69123\/lyon-veronique-sarselli-candidate-a-la-metropole-le-mandat-des-ecologistes-a-ete-brutal_63524356.html\" target=\"_blank\" rel=\"noopener\">V\u00e9ronique Sarselli<\/a> soutenue par Jean-Michel Aulas en t\u00eate. Le pr\u00e9sident \u00e9cologiste sortant <a href=\"https:\/\/actu.fr\/auvergne-rhone-alpes\/lyon_69123\/lyon-bruno-bernard-promet-aux-habitants-de-devenir-proprietaire-pour-le-montant-d-un-loyer_63603338.html\" target=\"_blank\" rel=\"noopener\">Bruno Bernard<\/a> perd de l\u2019espace chutant au niveau du RN.<\/p>\n<p>V\u00e9ronique Sarselli en t\u00eate, Bruno Bernard chute de cinq points<\/p>\n<p class=\" wall-content\">Alerte rouge \u00e0 la M\u00e9tropole ? Le nouveau sondage r\u00e9alis\u00e9 entre le 8 et le 12 d\u00e9cembre donne toujours V\u00e9ronique Sarselli (LR\/ Grand Coeur Lyonnais) en t\u00eate au premier tour \u00e0 35% d\u2019intentions de vote. Par rapport au pr\u00e9c\u00e9dent sondage, elle perd toutefois un point. Son <a href=\"https:\/\/www.google.com\/search?q=alliance+sarselli+aulas&amp;oq=alliance+sarselli+aulas&amp;gs_lcrp=EgZjaHJvbWUyBggAEEUYOTIGCAEQRRg9MgYIAhBFGD0yBggDEEUYPdIBCDMzMTNqMGo3qAIAsAIA&amp;sourceid=chrome&amp;ie=UTF-8\" target=\"_blank\" rel=\"noopener\">alliance avec Jean-Michel Aulas<\/a> le 25 novembre n\u2019a pour l\u2019instant pas d\u2019effet.<\/p>\n<p>    <img   decoding=\"async\" loading=\"lazy\" src=\"https:\/\/www.europesays.com\/fr\/wp-content\/uploads\/2025\/12\/1766580919_731_aulas-sarselli-groupes-metropole-lyon-960x640.jpg\" alt=\"Jean-Michel Aulas avec V\u00e9ronique Sarselli et les co-pr\u00e9sidents de groupe de l'opposition \u00e0 la M\u00e9tropole de Lyon.\" width=\"960\" height=\"640\"\/><br \/>\n    Jean-Michel Aulas avec V\u00e9ronique Sarselli et les co-pr\u00e9sidents de groupe de l\u2019opposition \u00e0 la M\u00e9tropole de Lyon. (\u00a9Nicolas Zaugra\/ actu Lyon)<\/p>\n<p class=\" wall-content\">Du c\u00f4t\u00e9 de Bruno Bernard d\u00e9sormais activement en campagne depuis son <a href=\"https:\/\/actu.fr\/auvergne-rhone-alpes\/lyon_69123\/metropole-de-lyon-2026-bruno-bernard-annonce-sa-candidature-la-bataille-est-lancee_63508807.html\" target=\"_blank\" rel=\"noopener\">annonce de candidature<\/a> le 30 novembre, c\u2019est la chute. L\u2019\u00e9cologiste est donn\u00e9 \u00e0 seulement 22% contre 27% d\u00e9but novembre. Un recul de cinq points dans une \u00e9tude du m\u00eame institut. Ce dernier a d\u00e9j\u00e0 d\u00e9voil\u00e9 de premi\u00e8res mesures : le fonctionnement du m\u00e9tro 24h\/24 les week-ends et des propositions pour le logement.<\/p>\n<p class=\" wall-content\">Le recul de l\u2019\u00e9lu qui vise un second mandat s\u2019explique par la pr\u00e9sence cette fois dans ce sondage de la Lyonnaise <a href=\"https:\/\/actu.fr\/auvergne-rhone-alpes\/lyon_69123\/lyon-municipales-2026-nathalie-perrin-gilbert-precise-la-gratuite-des-tcl-et-fait-une-annonce_63250290.html\" target=\"_blank\" rel=\"noopener\">Nathalie Perrin-Gilbert<\/a> (Parti Radical de gauche) qui va pr\u00e9senter des listes dans plusieurs circonscriptions de la m\u00e9tropole au 1er tour (Lyon, Villeurbanne, plateau nord\u2026). Elle est cr\u00e9dit\u00e9e de 7% d\u2019intentions de vote.\u00a0<\/p>\n<p>Votre r\u00e9gion, votre actu !<\/p>\n<p>Recevez chaque jour les infos qui comptent pour vous.<\/p>\n<p>\t<a href=\"https:\/\/actu.fr\/newsletter\" class=\"ac-btn ac-btn--corner ac-btn--medium ac-btn--blue800\" target=\"_blank\" rel=\"noopener\">S&rsquo;incrire<\/a><br \/>\nLe RN en progression, LFI recule<\/p>\n<p class=\" wall-content\">D\u00e9j\u00e0 mesur\u00e9 \u00e0 20% en novembre, le RN progresse de deux points \u00e0 22% d\u2019intentions de vote. La campagne est men\u00e9e par la d\u00e9put\u00e9e Tiffany Joncour.<\/p>\n<p>    <img   decoding=\"async\" loading=\"lazy\" src=\"https:\/\/www.europesays.com\/fr\/wp-content\/uploads\/2025\/12\/thifany-joncourt-rn-960x640.jpg\" alt=\"La candidate du RN \u00e0 la M\u00e9tropole de Lyon Tiffany Joncour.\" width=\"960\" height=\"640\"\/><br \/>\n    La candidate du RN \u00e0 la M\u00e9tropole de Lyon Tiffany Joncour. (\u00a9Nicolas Zaugra\/ actu Lyon)<\/p>\n<p class=\" wall-content\">LFI est en recul \u00e0 12% contre 15% il y a un mois avec une candidature pas encore officialis\u00e9e du d\u00e9put\u00e9 de V\u00e9nissieux Idir Boumertit.<\/p>\n<p>La droite en position de force au second tour<\/p>\n<p class=\" wall-content\">Au second tour, V\u00e9ronique Sarselli est donn\u00e9e gagnante \u00e0 43% devant Bruno Bernard \u00e0 34% sans liste LFI face \u00e0 lui. Le RN avec Tiffany Joncour obtiendrait 23%.<\/p>\n<p class=\" wall-content\">Ce nouveau sondage est \u00e0 prendre avec des pincettes : l\u2019\u00e9lection m\u00e9tropolitaine qui se d\u00e9roule en m\u00eame temps que les municipales se joue \u00e0 l\u2019\u00e9chelle de <strong>14 circonscriptions<\/strong> avec des listes diff\u00e9rentes par territoire. Mais cette \u00e9tude d\u2019opinion montre un climat \u00e9lectoral \u00e0 un peu plus de trois mois du vote. Les sortants \u00e9cologistes font office de challengers, \u00e0 la M\u00e9tropole comme \u00e0 la mairie de Lyon\u2026<\/p>\n<p class=\" wall-content\">*Echantillon de 1031 personnes inscrites sur les listes \u00e9lectorales de la m\u00e9tropole de Lyon issu d\u2019un \u00e9chantillon de 1164 personnes, repr\u00e9sentatif de la m\u00e9tropole de Lyon \u00e2g\u00e9e de 18 ans et plus. L\u2019\u00e9chantillon a \u00e9t\u00e9 constitu\u00e9 selon la m\u00e9thode des quotas, au regard des crit\u00e8res de sexe, d\u2019\u00e2ge, de cat\u00e9gorie socioprofessionnelle, de zone de r\u00e9sidence. Sondage r\u00e9alis\u00e9 en ligne du 8 au 12 d\u00e9cembre 2025.<\/p>\n<p class=\" wall-content\">Personnalisez votre actualit\u00e9 en ajoutant vos villes et m\u00e9dias en favori avec <a href=\"https:\/\/moncompte.actu.fr\" title=\"D\u00e9couvez Mon Actu\" rel=\"nofollow noopener\" data-trk=\"{&quot;cta&quot;:{&quot;action&quot;:&quot;https:\\\/\\\/moncompte.actu.fr&quot;,&quot;category&quot;:&quot;mon compte&quot;,&quot;from&quot;:&quot;article footer&quot;,&quot;name&quot;:&quot;Mon actu&quot;,&quot;type&quot;:&quot;cta&quot;}}\" target=\"_blank\">Mon Actu<\/a>.<\/p>\n","protected":false},"excerpt":{"rendered":"Par Nicolas Zaugra Publi\u00e9 le 24 d\u00e9c. 2025 \u00e0 12h53 Comme \u00e0 la mairie de Lyon, les \u00e9cologistes&hellip;\n","protected":false},"author":2,"featured_media":619929,"comment_status":"","ping_status":"","sticky":false,"template":"","format":"standard","meta":{"footnotes":""},"categories":[1889],"tags":[1111,11,2430,5921,4188,1777,674,1011,27,5227,2428,12,316,2556,25],"class_list":{"0":"post-619928","1":"post","2":"type-post","3":"status-publish","4":"format-standard","5":"has-post-thumbnail","7":"category-lyon","8":"tag-actu","9":"tag-actualites","10":"tag-auvergne-rhone-alpes","11":"tag-bruno-bernard","12":"tag-elections-municipales","13":"tag-eu","14":"tag-europe","15":"tag-fr","16":"tag-france","17":"tag-jean-michel-aulas","18":"tag-lyon","19":"tag-news","20":"tag-politique","21":"tag-rassemblement-national-rn","22":"tag-republique-francaise"},"share_on_mastodon":{"url":"https:\/\/pubeurope.com\/@fr\/115774654725452406","error":""},"_links":{"self":[{"href":"https:\/\/www.europesays.com\/fr\/wp-json\/wp\/v2\/posts\/619928","targetHints":{"allow":["GET"]}}],"collection":[{"href":"https:\/\/www.europesays.com\/fr\/wp-json\/wp\/v2\/posts"}],"about":[{"href":"https:\/\/www.europesays.com\/fr\/wp-json\/wp\/v2\/types\/post"}],"author":[{"embeddable":true,"href":"https:\/\/www.europesays.com\/fr\/wp-json\/wp\/v2\/users\/2"}],"replies":[{"embeddable":true,"href":"https:\/\/www.europesays.com\/fr\/wp-json\/wp\/v2\/comments?post=619928"}],"version-history":[{"count":0,"href":"https:\/\/www.europesays.com\/fr\/wp-json\/wp\/v2\/posts\/619928\/revisions"}],"wp:featuredmedia":[{"embeddable":true,"href":"https:\/\/www.europesays.com\/fr\/wp-json\/wp\/v2\/media\/619929"}],"wp:attachment":[{"href":"https:\/\/www.europesays.com\/fr\/wp-json\/wp\/v2\/media?parent=619928"}],"wp:term":[{"taxonomy":"category","embeddable":true,"href":"https:\/\/www.europesays.com\/fr\/wp-json\/wp\/v2\/categories?post=619928"},{"taxonomy":"post_tag","embeddable":true,"href":"https:\/\/www.europesays.com\/fr\/wp-json\/wp\/v2\/tags?post=619928"}],"curies":[{"name":"wp","href":"https:\/\/api.w.org\/{rel}","templated":true}]}}