{"id":619930,"date":"2025-12-24T12:58:10","date_gmt":"2025-12-24T12:58:10","guid":{"rendered":"https:\/\/www.europesays.com\/fr\/619930\/"},"modified":"2025-12-24T12:58:10","modified_gmt":"2025-12-24T12:58:10","slug":"dans-cette-ville-il-faudra-encore-attendre-avant-davoir-plus-de-trains-en-gare","status":"publish","type":"post","link":"https:\/\/www.europesays.com\/fr\/619930\/","title":{"rendered":"dans cette ville, il faudra encore attendre avant d&rsquo;avoir plus de trains en gare"},"content":{"rendered":"<p>                    Par<br \/>\n        <strong><br \/>\n            <a href=\"https:\/\/actu.fr\/auteur\/agnes-braik\" title=\"Consulter tous les articles de Agn\u00e8s Braik\" target=\"_blank\" rel=\"noopener\">Agn\u00e8s Braik<\/a><br \/>\n                    <\/strong><\/p>\n<p>        Publi\u00e9 le<\/p>\n<p>            24 d\u00e9c. 2025 \u00e0 12h36        <\/p>\n<p>Ils devaient arriver le <b>15 d\u00e9cembre 2025<\/b>. Finalement, les <a href=\"https:\/\/actu.fr\/tag\/ile-de-france-mobilites\" target=\"_blank\" rel=\"noopener\">trains semi-directs \u00e0 deux niveaux<\/a>, qui doivent s\u2019arr\u00eater \u00e0 la gare de <a href=\"https:\/\/actu.fr\/ile-de-france\/fontaine-le-port_77188\" target=\"_blank\" rel=\"noopener\">Fontaine-le-Port<\/a> (<a href=\"https:\/\/actu.fr\/ile-de-france\/seine-et-marne_77\" target=\"_blank\" rel=\"noopener\">Seine-et-Marne<\/a>), ne <b>seront mis en place qu\u2019\u00e0 la mi-2026<\/b>.<\/p>\n<p>Une maire en col\u00e8re<\/p>\n<p class=\" wall-content\">La maire, <b>B\u00e9atrice Mothr\u00e9<\/b>, se dit \u00ab tr\u00e8s en col\u00e8re \u00bb : \u00ab Tous les <b>feux \u00e9taient pourtant au vert !<\/b> Les travaux d\u2019allongement du quai avaient \u00e9t\u00e9 r\u00e9alis\u00e9s<b> en ao\u00fbt 2025 pour 2 millions d\u2019euros<\/b>, financ\u00e9s en partie par la R\u00e9gion <a href=\"https:\/\/actu.fr\/ile-de-france\/\" target=\"_blank\" rel=\"noopener\">\u00cele-de-France<\/a>, nous avons un<b> parking gratuit de 204 places<\/b> qui <b>a co\u00fbt\u00e9 pr\u00e8s de 500 000 euros<\/b>, et nous disposons d\u2019une consigne s\u00e9curis\u00e9e pour les v\u00e9los. Mais la R\u00e9gion <a href=\"https:\/\/actu.fr\/bourgogne-franche-comte\/\" target=\"_blank\" rel=\"noopener\">Bourgogne-Franche-Comt\u00e9<\/a> a pris du retard pour financer de nouveaux TER. \u00c0 l\u2019\u00e9poque, le pr\u00e9sident de R\u00e9gion n\u2019acceptait pas que les TER s\u2019arr\u00eatent \u00e0 Fontaine-le-Port, au vu que cela <b>faisait perdre 3 minutes aux voyageurs<\/b> venant de <a href=\"https:\/\/actu.fr\/bourgogne-franche-comte\/dijon_21231\" target=\"_blank\" rel=\"noopener\">Dijon<\/a> (<a href=\"https:\/\/actu.fr\/bourgogne-franche-comte\/cote-d-or_21\" target=\"_blank\" rel=\"noopener\">C\u00f4te-d\u2019Or<\/a>, N.D.L.R.)\u2026 \u00bb<\/p>\n<p class=\" wall-content\">Selon elle, ce report de calendrier p\u00e9nalise les usagers de la rive droite de la <a href=\"https:\/\/actu.fr\/tag\/ligne-r\" target=\"_blank\" rel=\"noopener\">ligne R<\/a>, qui voyagent debout depuis <a href=\"https:\/\/actu.fr\/ile-de-france\/champagne-sur-seine_77079\" target=\"_blank\" rel=\"noopener\">Champagne-sur-Seine<\/a>. \u00ab Ils pr\u00e9f\u00e8rent actuellement se rendre \u00e0 la gare de <a href=\"https:\/\/actu.fr\/ile-de-france\/melun_77288\" target=\"_blank\" rel=\"noopener\">Melun<\/a> ou \u00e0 <a href=\"https:\/\/actu.fr\/ile-de-france\/avon_77014\" target=\"_blank\" rel=\"noopener\">Avon<\/a> \u00bb, indique-t-elle.<\/p>\n<p class=\" wall-content\"><a href=\"https:\/\/actu.fr\/tag\/valerie-pecresse\" target=\"_blank\" rel=\"noopener\">Val\u00e9rie P\u00e9cresse<\/a>, pr\u00e9sidente de la R\u00e9gion \u00cele-de-France, qui soutient le combat engag\u00e9 de longue date par <b>B\u00e9atrice Mothr\u00e9<\/b> est intervenue aupr\u00e8s du nouveau pr\u00e9sident de la R\u00e9gion Bourgogne-Franche-Comt\u00e9 pour \u00ab rappeler que <b>ces arr\u00eats sont indispensables pour assurer l\u2019emport des voyageurs franciliens du sud de la Seine-et-Marne<\/b> \u00bb. Elle a obtenu gain de cause et du mat\u00e9riel neuf est d\u00e9sormais command\u00e9.<\/p>\n<p>4 TER aux heures de pointe<\/p>\n<p class=\" wall-content\">Ainsi 4 TER, 2 aux heures de pointe le matin en direction de <b>Paris gare de Lyon<\/b>, et 2 le soir, pour le retour \u00e0 Fontaine-le-Port, permettront de faire le trajet en seulement 30\u00a0minutes, <b>sans changement de correspondance en gare de Melun<\/b>.<\/p>\n<p>Votre r\u00e9gion, votre actu !<\/p>\n<p>Recevez chaque jour les infos qui comptent pour vous.<\/p>\n<p>\t<a href=\"https:\/\/actu.fr\/newsletter\" class=\"ac-btn ac-btn--corner ac-btn--medium ac-btn--blue800\" target=\"_blank\" rel=\"noopener\">S&rsquo;incrire<\/a><\/p>\n<p class=\" wall-content\">\u00ab C\u2019est pour moi l\u2019aboutissement d\u2019une action opini\u00e2tre avec les \u00e9lus et usagers du secteur, souligne <a href=\"https:\/\/actu.fr\/ile-de-france\/fontaine-le-port_77188\/voeux-a-fontaine-le-port-des-projets-pour-un-village-ou-il-fait-bon-vivre_62212088.html\" target=\"_blank\" rel=\"noopener\">B\u00e9atrice Mothr\u00e9<\/a>, qui ne se repr\u00e9sentera pas aux \u00e9lections municipales apr\u00e8s 25\u00a0ans de mandat. Ce fut un incessant combat engag\u00e9 avec <b>Claudine Foy<\/b> et une autre militante portifontaine de la premi\u00e8re heure, mais aussi avec les associations tels que le Codut et la Fnaut de Livry-sur-Seine, ainsi que les usagers des communes alentour. \u00bb<\/p>\n<p class=\" wall-content\">Rappelons que des actions avaient \u00e9t\u00e9 men\u00e9es en gare de Lyon et les <b>p\u00e9titions ouvertes dans les mairies avaient permis de recueillir 5 000 signatures<\/b>. Par ailleurs, <b>deux motions avaient \u00e9t\u00e9 sign\u00e9es par les d\u00e9put\u00e9s<\/b>, les s\u00e9nateurs et les \u00e9lus r\u00e9gionaux.<\/p>\n<p class=\" wall-content\">Personnalisez votre actualit\u00e9 en ajoutant vos villes et m\u00e9dias en favori avec <a href=\"https:\/\/moncompte.actu.fr\" title=\"D\u00e9couvez Mon Actu\" rel=\"nofollow noopener\" data-trk=\"{&quot;cta&quot;:{&quot;action&quot;:&quot;https:\\\/\\\/moncompte.actu.fr&quot;,&quot;category&quot;:&quot;mon compte&quot;,&quot;from&quot;:&quot;article footer&quot;,&quot;name&quot;:&quot;Mon actu&quot;,&quot;type&quot;:&quot;cta&quot;}}\" target=\"_blank\">Mon Actu<\/a>.<\/p>\n","protected":false},"excerpt":{"rendered":"Par Agn\u00e8s Braik Publi\u00e9 le 24 d\u00e9c. 2025 \u00e0 12h36 Ils devaient arriver le 15 d\u00e9cembre 2025. Finalement,&hellip;\n","protected":false},"author":2,"featured_media":619931,"comment_status":"","ping_status":"","sticky":false,"template":"","format":"standard","meta":{"footnotes":""},"categories":[1592],"tags":[1111,11,1777,674,1011,27,662,10883,7758,12,626,25,104],"class_list":{"0":"post-619930","1":"post","2":"type-post","3":"status-publish","4":"format-standard","5":"has-post-thumbnail","7":"category-ile-de-france","8":"tag-actu","9":"tag-actualites","10":"tag-eu","11":"tag-europe","12":"tag-fr","13":"tag-france","14":"tag-ile-de-france","15":"tag-ile-de-france-mobilites","16":"tag-ligne-r","17":"tag-news","18":"tag-paris","19":"tag-republique-francaise","20":"tag-societe"},"share_on_mastodon":{"url":"https:\/\/pubeurope.com\/@fr\/115774666069720406","error":""},"_links":{"self":[{"href":"https:\/\/www.europesays.com\/fr\/wp-json\/wp\/v2\/posts\/619930","targetHints":{"allow":["GET"]}}],"collection":[{"href":"https:\/\/www.europesays.com\/fr\/wp-json\/wp\/v2\/posts"}],"about":[{"href":"https:\/\/www.europesays.com\/fr\/wp-json\/wp\/v2\/types\/post"}],"author":[{"embeddable":true,"href":"https:\/\/www.europesays.com\/fr\/wp-json\/wp\/v2\/users\/2"}],"replies":[{"embeddable":true,"href":"https:\/\/www.europesays.com\/fr\/wp-json\/wp\/v2\/comments?post=619930"}],"version-history":[{"count":0,"href":"https:\/\/www.europesays.com\/fr\/wp-json\/wp\/v2\/posts\/619930\/revisions"}],"wp:featuredmedia":[{"embeddable":true,"href":"https:\/\/www.europesays.com\/fr\/wp-json\/wp\/v2\/media\/619931"}],"wp:attachment":[{"href":"https:\/\/www.europesays.com\/fr\/wp-json\/wp\/v2\/media?parent=619930"}],"wp:term":[{"taxonomy":"category","embeddable":true,"href":"https:\/\/www.europesays.com\/fr\/wp-json\/wp\/v2\/categories?post=619930"},{"taxonomy":"post_tag","embeddable":true,"href":"https:\/\/www.europesays.com\/fr\/wp-json\/wp\/v2\/tags?post=619930"}],"curies":[{"name":"wp","href":"https:\/\/api.w.org\/{rel}","templated":true}]}}