{"id":619932,"date":"2025-12-24T12:59:13","date_gmt":"2025-12-24T12:59:13","guid":{"rendered":"https:\/\/www.europesays.com\/fr\/619932\/"},"modified":"2025-12-24T12:59:13","modified_gmt":"2025-12-24T12:59:13","slug":"paris-des-cambrioleurs-penetrent-dans-une-bijouterie-par-le-sous-sol-mais-se-cassent-les-dents-sur-le-coffre","status":"publish","type":"post","link":"https:\/\/www.europesays.com\/fr\/619932\/","title":{"rendered":"Paris\u00a0: des cambrioleurs p\u00e9n\u00e8trent dans une bijouterie par le sous-sol mais se cassent les dents sur le coffre"},"content":{"rendered":"<p class=\"paragraph text_align_left lp-f-body-02\">Tout s\u2019est jou\u00e9 sous le sol de <a href=\"https:\/\/www.leparisien.fr\/paris-75\/\" target=\"_self\" rel=\"noopener\">Paris<\/a>. Difficile de savoir quand la tentative de vol a eu lieu, mais les enqu\u00eateurs l\u2019estiment entre le 19 et 23\u00a0d\u00e9cembre derniers. Pendant ce laps de temps, plusieurs individus ont tent\u00e9 de d\u00e9rober des bijoux \u00e0 l\u2019int\u00e9rieur d\u2019une bijouterie du passage Choiseul, dans le <a href=\"https:\/\/www.leparisien.fr\/paris-75\/paris-75002\/\" target=\"_self\" rel=\"noopener\">IIe\u00a0arrondissement<\/a> de la capitale.<\/p>\n<p class=\"\">Pour ce faire, les braqueurs ont choisi d\u2019entrer non pas par la porte de la bijouterie, mais par une autre adresse, rue Saint-Augustin, \u00e0 l\u2019entr\u00e9e nord du passage Choiseul, nous indique une source polici\u00e8re. Toujours selon cette source, ils ont acc\u00e9d\u00e9 \u00e0 la cave de l\u2019immeuble, avant de fracturer la serrure d\u2019une cave voisine \u00e0 celle de la bijouterie.<\/p>\n<p>Impossible d\u2019ouvrir le coffre<\/p>\n<p class=\"\">Une fois dans le rez-de-chauss\u00e9e de leur cible, ils ont pu monter au premier \u00e9tage, l\u00e0 o\u00f9 se trouve un coffre-fort. Contact\u00e9, le parquet de Paris indique que les malfaiteurs ont d\u00e9connect\u00e9 le syst\u00e8me d\u2019alarme avant de percer \u00e0 trois reprises le fameux coffre-fort\u2026 en vain.<\/p>\n<p class=\"\">Selon notre source polici\u00e8re, \u00ab\u00a0les cam\u00e9ras de vid\u00e9o surveillance avaient \u00e9t\u00e9 neutralis\u00e9es par les cambrioleurs\u00a0\u00bb et un tournevis aurait \u00e9t\u00e9 retrouv\u00e9. Un maigre indice qui servira tout de m\u00eame aux enqu\u00eateurs du premier district de police judiciaire de Paris, \u00e0 qui le parquet a confi\u00e9 l\u2019enqu\u00eate.<\/p>\n<p class=\"\">En octobre dernier, <a href=\"https:\/\/www.leparisien.fr\/faits-divers\/paris-une-tentative-de-braquage-echoue-deux-hommes-armes-en-fuite-27-10-2025-3X3DA6GVGFCWHHYFERUUWDKZVU.php\" target=\"_self\" rel=\"noopener\">un braquage rat\u00e9 d\u2019une bijouterie<\/a> avait d\u00e9j\u00e0 eu lieu \u00e0 Paris. Rue R\u00e9aumur, deux hommes arm\u00e9s d\u2019un fusil sont rest\u00e9s bloqu\u00e9s \u00e0 l\u2019ext\u00e9rieur de la boutique. V\u00eatus d\u2019habits de chantier, ils avaient pr\u00e9text\u00e9 venir pour des travaux dans la bijouterie. Sauf que personne ne leur avait ouvert la porte. Les deux individus avaient alors pris la fuite.<\/p>\n","protected":false},"excerpt":{"rendered":"Tout s\u2019est jou\u00e9 sous le sol de Paris. Difficile de savoir quand la tentative de vol a eu&hellip;\n","protected":false},"author":2,"featured_media":619933,"comment_status":"","ping_status":"","sticky":false,"template":"","format":"standard","meta":{"footnotes":""},"categories":[1888],"tags":[1111,1928,11,1927,1777,674,118,1011,27,1944,12,1926,626,1925,25],"class_list":{"0":"post-619932","1":"post","2":"type-post","3":"status-publish","4":"format-standard","5":"has-post-thumbnail","7":"category-paris","8":"tag-actu","9":"tag-actu-paris","10":"tag-actualites","11":"tag-actualites-paris","12":"tag-eu","13":"tag-europe","14":"tag-faits-divers","15":"tag-fr","16":"tag-france","17":"tag-ma-ville","18":"tag-news","19":"tag-news-paris","20":"tag-paris","21":"tag-paris-news","22":"tag-republique-francaise"},"share_on_mastodon":{"url":"https:\/\/pubeurope.com\/@fr\/115774669776893879","error":""},"_links":{"self":[{"href":"https:\/\/www.europesays.com\/fr\/wp-json\/wp\/v2\/posts\/619932","targetHints":{"allow":["GET"]}}],"collection":[{"href":"https:\/\/www.europesays.com\/fr\/wp-json\/wp\/v2\/posts"}],"about":[{"href":"https:\/\/www.europesays.com\/fr\/wp-json\/wp\/v2\/types\/post"}],"author":[{"embeddable":true,"href":"https:\/\/www.europesays.com\/fr\/wp-json\/wp\/v2\/users\/2"}],"replies":[{"embeddable":true,"href":"https:\/\/www.europesays.com\/fr\/wp-json\/wp\/v2\/comments?post=619932"}],"version-history":[{"count":0,"href":"https:\/\/www.europesays.com\/fr\/wp-json\/wp\/v2\/posts\/619932\/revisions"}],"wp:featuredmedia":[{"embeddable":true,"href":"https:\/\/www.europesays.com\/fr\/wp-json\/wp\/v2\/media\/619933"}],"wp:attachment":[{"href":"https:\/\/www.europesays.com\/fr\/wp-json\/wp\/v2\/media?parent=619932"}],"wp:term":[{"taxonomy":"category","embeddable":true,"href":"https:\/\/www.europesays.com\/fr\/wp-json\/wp\/v2\/categories?post=619932"},{"taxonomy":"post_tag","embeddable":true,"href":"https:\/\/www.europesays.com\/fr\/wp-json\/wp\/v2\/tags?post=619932"}],"curies":[{"name":"wp","href":"https:\/\/api.w.org\/{rel}","templated":true}]}}