{"id":619939,"date":"2025-12-24T13:05:21","date_gmt":"2025-12-24T13:05:21","guid":{"rendered":"https:\/\/www.europesays.com\/fr\/619939\/"},"modified":"2025-12-24T13:05:21","modified_gmt":"2025-12-24T13:05:21","slug":"pour-aider-lukraine-leurope-doit-faire-faire-payer-la-russie-et-pas-ses-contribuables","status":"publish","type":"post","link":"https:\/\/www.europesays.com\/fr\/619939\/","title":{"rendered":"\u00ab\u00a0Pour aider l\u2019Ukraine, l\u2019Europe doit faire faire payer la Russie et pas ses contribuables\u00a0\u00bb"},"content":{"rendered":"<p class=\"upper-letter\">Depuis pr\u00e8s de quatre ans, elle sillonne l\u2019Europe pour tenter de convaincre les dirigeants europ\u00e9ens de confisquer et utiliser les 210\u00a0milliards d\u2019euros d\u2019avoirs de la Banque centrale russe gel\u00e9s sur le Vieux Continent. En vain. Olena Halushka, cofondatrice de l\u2019ONG International Center of Ukrainian Victory (ICUV) et membre du conseil de AntAc, une association anticorruption, ne cache pas\u00a0sa d\u00e9ception apr\u00e8s le dernier sommet europ\u00e9en, au cours duquel\u00a0le projet de lancer un m\u00e9ga pr\u00eat \u00e0 l\u2019Ukraine en utilisant une partie de ces avoirs russes a \u00e9chou\u00e9.<\/p>\n<p>Certes, Kiev a obtenu <a href=\"https:\/\/www.challenges.fr\/monde\/plan-de-paix-pour-lukraine-une-occasion-manquee-pour-leurope_634728\" target=\"_blank\" rel=\"noopener\">un pr\u00eat de 90\u00a0milliards d\u2019euros<\/a> mais il sera financ\u00e9 par les contribuables europ\u00e9ens et pas par l\u2019agresseur. Un\u00a0\u00e9chec li\u00e9, d\u2019apr\u00e8s cette activiste, aux pressions et menaces russes, qui ont port\u00e9 leurs fruits sur certains dirigeants europ\u00e9ens.<\/p>\n<p><strong>Olena Halushka &#8211;<\/strong> Je vois le verre \u00e0 moiti\u00e9 plein. L\u2019Ukraine recevra <a href=\"https:\/\/www.challenges.fr\/top-news\/lue-va-emprunter-pour-preter-90-milliards-deuros-a-lukraine-sans-toucher-aux-actifs-russes-geles_634479\" target=\"_blank\" rel=\"noopener\">90\u00a0milliards d\u2019euros<\/a> dont elle a grand besoin. Ce financement couvrira ses besoins budg\u00e9taires essentiels et soutiendra sa\u00a0production nationale et l\u2019achat d\u2019armes aux Europ\u00e9ens ces deux prochaines ann\u00e9es. Les besoins globaux de l\u2019Ukraine s\u2019\u00e9l\u00e8vent\u00a0\u00e0 environ 137\u00a0milliards d\u2019euros, ce qui signifie qu\u2019un soutien suppl\u00e9mentaire des \u00c9tats membres de l\u2019UE et de partenaires tels que la Norv\u00e8ge, le Royaume-Uni, le Canada et le Japon restera n\u00e9cessaire.\u00a0Mais il faut savoir que cet argent ne permettra pas une victoire. Il s\u2019agit seulement de\u00a0permettre \u00e0 l\u2019Ukraine de poursuivre le combat. Pr\u00e9cision importante\u00a0: l\u2019Ukraine ne commencera \u00e0 rembourser ce pr\u00eat qu\u2019apr\u00e8s avoir re\u00e7u des r\u00e9parations. Cela garantit que le pays ne s\u2019endettera pas davantage pour se d\u00e9fendre.<\/p>\n<p>Oui, pour moi, c\u2019est <a href=\"https:\/\/www.challenges.fr\/monde\/faut-il-saisir-les-avoirs-russes-geles-pour-soutenir-lukraine_600539\" target=\"_blank\" rel=\"noopener\">une grande d\u00e9ception<\/a>. Car l\u2019emprunt conjoint signifie que ce sont les contribuables europ\u00e9ens qui supporteront la charge financi\u00e8re. En Ukraine, nous appr\u00e9cions profond\u00e9ment le soutien et la solidarit\u00e9 de l\u2019Europe. Mais quel sera le co\u00fbt politique au sein de l\u2019UE ? Une pression suppl\u00e9mentaire sur les finances publiques, en particulier dans le domaine de la d\u00e9fense, alimente in\u00e9vitablement les discours d\u2019extr\u00eame droite et populistes, ce qui devrait pr\u00e9occuper tous ceux qui se soucient de la stabilit\u00e9 d\u00e9mocratique. De plus, quel signal cela envoie-t-il \u00e0 la Russie ? Que l\u2019argent de l\u2019\u00c9tat agresseur qui commet la plus grande guerre depuis la Seconde Guerre mondiale est mieux prot\u00e9g\u00e9 et sauvegard\u00e9 que les fonds des contribuables europ\u00e9ens ?<\/p>\n<p>Cela dit, une mesure importante a \u00e9t\u00e9 prise concernant ces avoirs. L\u2019UE a enfin modifi\u00e9 la proc\u00e9dure d\u2019immobilisation de ces actifs, passant d\u2019un r\u00e9gime renouvel\u00e9 \u00e0 l\u2019unanimit\u00e9 tous les six mois \u00e0 une immobilisation \u00e0 long terme \u00ab\u00a0jusqu\u2019\u00e0 ce que la Russie mette fin \u00e0 la guerre et paie des r\u00e9parations\u00a0\u00bb. Cela permet au moins de prot\u00e9ger les actifs contre les dirigeants\u00a0favorables au Kremlin qui pourraient faire pression pour que cet argent soit restitu\u00e9 pr\u00e9matur\u00e9ment \u00e0 la Russie. Cela comble une lacune dangereuse.<\/p>\n<p>Oui, c\u2019est certainement l\u2019une des raisons. La Russie a d\u00e9ploy\u00e9 tout son arsenal de pressions et d\u2019intimidations, notamment des menaces de mort contre des dirigeants belges et la direction d\u2019Euroclear (la soci\u00e9t\u00e9 d\u00e9positaire de ces avoirs), le survol par des drones non identifi\u00e9s de l\u2019a\u00e9roport de Bruxelles, de\u00a0bases militaires belges et des installations de production hautement sensibles de Thales. Il est clair que <a href=\"https:\/\/www.challenges.fr\/monde\/avoirs-russes-geles-pourquoi-moscou-a-presque-perdu-la-bataille-juridique-avant-de-la-livrer_633990\" target=\"_blank\" rel=\"noopener\">ces pressions ont port\u00e9 leurs fruits.<\/a><\/p>\n","protected":false},"excerpt":{"rendered":"Depuis pr\u00e8s de quatre ans, elle sillonne l\u2019Europe pour tenter de convaincre les dirigeants europ\u00e9ens de confisquer et&hellip;\n","protected":false},"author":2,"featured_media":619940,"comment_status":"","ping_status":"","sticky":false,"template":"","format":"standard","meta":{"footnotes":""},"categories":[1591],"tags":[11,1887,1146,12,1885,1886,132,220],"class_list":{"0":"post-619939","1":"post","2":"type-post","3":"status-publish","4":"format-standard","5":"has-post-thumbnail","7":"category-russie","8":"tag-actualites","9":"tag-federation-de-russie","10":"tag-guerre","11":"tag-news","12":"tag-russia","13":"tag-russian-federation","14":"tag-russie","15":"tag-ukraine"},"share_on_mastodon":{"url":"https:\/\/pubeurope.com\/@fr\/115774693318114736","error":""},"_links":{"self":[{"href":"https:\/\/www.europesays.com\/fr\/wp-json\/wp\/v2\/posts\/619939","targetHints":{"allow":["GET"]}}],"collection":[{"href":"https:\/\/www.europesays.com\/fr\/wp-json\/wp\/v2\/posts"}],"about":[{"href":"https:\/\/www.europesays.com\/fr\/wp-json\/wp\/v2\/types\/post"}],"author":[{"embeddable":true,"href":"https:\/\/www.europesays.com\/fr\/wp-json\/wp\/v2\/users\/2"}],"replies":[{"embeddable":true,"href":"https:\/\/www.europesays.com\/fr\/wp-json\/wp\/v2\/comments?post=619939"}],"version-history":[{"count":0,"href":"https:\/\/www.europesays.com\/fr\/wp-json\/wp\/v2\/posts\/619939\/revisions"}],"wp:featuredmedia":[{"embeddable":true,"href":"https:\/\/www.europesays.com\/fr\/wp-json\/wp\/v2\/media\/619940"}],"wp:attachment":[{"href":"https:\/\/www.europesays.com\/fr\/wp-json\/wp\/v2\/media?parent=619939"}],"wp:term":[{"taxonomy":"category","embeddable":true,"href":"https:\/\/www.europesays.com\/fr\/wp-json\/wp\/v2\/categories?post=619939"},{"taxonomy":"post_tag","embeddable":true,"href":"https:\/\/www.europesays.com\/fr\/wp-json\/wp\/v2\/tags?post=619939"}],"curies":[{"name":"wp","href":"https:\/\/api.w.org\/{rel}","templated":true}]}}