{"id":61994,"date":"2025-04-29T14:27:08","date_gmt":"2025-04-29T14:27:08","guid":{"rendered":"https:\/\/www.europesays.com\/fr\/61994\/"},"modified":"2025-04-29T14:27:08","modified_gmt":"2025-04-29T14:27:08","slug":"echirolles-ils-vident-un-bidon-dessence-dans-un-bureau-de-tabac-et-mettent-le-feu","status":"publish","type":"post","link":"https:\/\/www.europesays.com\/fr\/61994\/","title":{"rendered":"Echirolles. Ils vident un bidon d&rsquo;essence dans un bureau de tabac et mettent le feu"},"content":{"rendered":"<p>Un bureau de tabac qui fait \u00e9galement office d&rsquo;\u00e9picerie, de relais poste, situ\u00e9 rue de Galil\u00e9 dans le quartier du village 2 \u00e0 \u00c9chirolles a \u00e9t\u00e9 volontairement incendi\u00e9 vers 13 h ce mardi 29 avril.<\/p>\n<p>Le commerce enti\u00e8rement d\u00e9truit<\/p>\n<p>Selon nos informations, plusieurs individus sont entr\u00e9s dans le commerce o\u00f9 se trouvaient une employ\u00e9e et une cliente en les pr\u00e9venant qu&rsquo;il fallait qu&rsquo;elles sortent imm\u00e9diatement. Ils ont par la suite, vid\u00e9 un jerrican d&rsquo;essence avant d&rsquo;y mettre le feu. Le commerce dans un \u00eelot commercial de plein pied au bas d&rsquo;un immeuble de 14 \u00e9tages a \u00e9t\u00e9 totalement d\u00e9truit, mais aucun bless\u00e9 n&rsquo;est \u00e0 d\u00e9plorer les sapeurs-pompiers ont rapidement \u00e9teint le sinistre.<\/p>\n<p>Ce contenu est bloqu\u00e9 car vous n&rsquo;avez pas accept\u00e9 les cookies et autres traceurs.<\/p>\n<p>En cliquant sur \u00ab J\u2019accepte \u00bb, les cookies et autres traceurs seront d\u00e9pos\u00e9s et vous pourrez visualiser les contenus  (<a href=\"\" class=\"consentModule_policy\" target=\"_blank\" title=\"Consulter la politique de protection des donn\u00e9es du fournisseur\">plus d&rsquo;informations<\/a>).<\/p>\n<p>En cliquant sur \u00ab J\u2019accepte tous les cookies \u00bb, vous autorisez des d\u00e9p\u00f4ts de cookies et autres traceurs pour le stockage de vos donn\u00e9es sur nos sites et applications \u00e0 des fins de personnalisation et de ciblage publicitaire.<\/p>\n<p class=\"consentModule_secondaryText\">Vous gardez la possibilit\u00e9 de retirer votre consentement \u00e0 tout moment en consultant notre <a href=\"https:\/\/www.ledauphine.com\/protection-des-donnees\" target=\"_blank\" title=\"Consulter notre politique de protection des donn\u00e9es\" rel=\"noopener\">politique de protection des donn\u00e9es<\/a>. <br \/>&#13;<br \/>\n            <a href=\"https:\/\/www.ledauphine.com\/faits-divers-justice\/2025\/04\/29\/javascript:Didomi.notice.show()\" class=\"consentModule_cmp\" target=\"_blank\" rel=\"noopener\">G\u00e9rer mes choix<\/a>&#13;\n        <\/p>\n<p>&#13;<br \/>\n                        J&rsquo;accepte&#13;<br \/>\n            J&rsquo;accepte tous les cookies&#13;\n        <\/p>\n<p>Les agents de la police nationale sont sur place, tout comme ceux de la police municipale et les sapeurs-pompiers. D\u2019apr\u00e8s nos informations, aucun bless\u00e9 n\u2019est \u00e0 d\u00e9plorer.\u00a0La cr\u00e8che Les Lucioles, situ\u00e9e juste \u00e0 c\u00f4t\u00e9 du bureau de tabac a \u00e9t\u00e9 \u00e9vacu\u00e9e le temps de s\u00e9curiser les lieux. Les enfants ont \u00e9t\u00e9 conduits dans les locaux du groupe scolaire tout proche.\u00a0<\/p>\n","protected":false},"excerpt":{"rendered":"Un bureau de tabac qui fait \u00e9galement office d&rsquo;\u00e9picerie, de relais poste, situ\u00e9 rue de Galil\u00e9 dans le&hellip;\n","protected":false},"author":2,"featured_media":61995,"comment_status":"","ping_status":"","sticky":false,"template":"","format":"standard","meta":{"footnotes":""},"categories":[9566],"tags":[1111,11,2430,9852,112,1777,674,274,107,1011,27,2731,2732,1310,108,12,25],"class_list":{"0":"post-61994","1":"post","2":"type-post","3":"status-publish","4":"format-standard","5":"has-post-thumbnail","7":"category-grenoble","8":"tag-actu","9":"tag-actualites","10":"tag-auvergne-rhone-alpes","11":"tag-echirolles","12":"tag-edition-grenoble-agglomeration","13":"tag-eu","14":"tag-europe","15":"tag-faits-divers-justice","16":"tag-fil-info","17":"tag-fr","18":"tag-france","19":"tag-grenoble","20":"tag-grenoble-bassin","21":"tag-incendie","22":"tag-isere","23":"tag-news","24":"tag-republique-francaise"},"share_on_mastodon":{"url":"https:\/\/pubeurope.com\/@fr\/114421723539297785","error":""},"_links":{"self":[{"href":"https:\/\/www.europesays.com\/fr\/wp-json\/wp\/v2\/posts\/61994","targetHints":{"allow":["GET"]}}],"collection":[{"href":"https:\/\/www.europesays.com\/fr\/wp-json\/wp\/v2\/posts"}],"about":[{"href":"https:\/\/www.europesays.com\/fr\/wp-json\/wp\/v2\/types\/post"}],"author":[{"embeddable":true,"href":"https:\/\/www.europesays.com\/fr\/wp-json\/wp\/v2\/users\/2"}],"replies":[{"embeddable":true,"href":"https:\/\/www.europesays.com\/fr\/wp-json\/wp\/v2\/comments?post=61994"}],"version-history":[{"count":0,"href":"https:\/\/www.europesays.com\/fr\/wp-json\/wp\/v2\/posts\/61994\/revisions"}],"wp:featuredmedia":[{"embeddable":true,"href":"https:\/\/www.europesays.com\/fr\/wp-json\/wp\/v2\/media\/61995"}],"wp:attachment":[{"href":"https:\/\/www.europesays.com\/fr\/wp-json\/wp\/v2\/media?parent=61994"}],"wp:term":[{"taxonomy":"category","embeddable":true,"href":"https:\/\/www.europesays.com\/fr\/wp-json\/wp\/v2\/categories?post=61994"},{"taxonomy":"post_tag","embeddable":true,"href":"https:\/\/www.europesays.com\/fr\/wp-json\/wp\/v2\/tags?post=61994"}],"curies":[{"name":"wp","href":"https:\/\/api.w.org\/{rel}","templated":true}]}}