{"id":619949,"date":"2025-12-24T13:14:22","date_gmt":"2025-12-24T13:14:22","guid":{"rendered":"https:\/\/www.europesays.com\/fr\/619949\/"},"modified":"2025-12-24T13:14:22","modified_gmt":"2025-12-24T13:14:22","slug":"byd-triple-ses-ventes-en-europe-et-se-rapproche-de-tesla","status":"publish","type":"post","link":"https:\/\/www.europesays.com\/fr\/619949\/","title":{"rendered":"BYD triple ses ventes en Europe et se rapproche de Tesla"},"content":{"rendered":"<p>                    <b>Le constructeur chinois BYD affiche une croissance de 276 % sur les onze premiers mois de l&rsquo;ann\u00e9e en Europe. Avec plus de 21 000 v\u00e9hicules \u00e9coul\u00e9s en novembre, la marque grignote du terrain face \u00e0 la concurrence et s&rsquo;impose comme un acteur majeur du march\u00e9 \u00e9lectrique sur notre continent.<\/b><\/p>\n<p>                                                                                                                                                        <img decoding=\"async\" src=\"https:\/\/www.europesays.com\/fr\/wp-content\/uploads\/2025\/12\/7a780cc4e9_byd-triple-ses-ventes-en-europe-et-se-rapproche-de-tesla.webp.webp\" alt=\"BYD triple ses ventes en Europe et se rapproche de Tesla\" width=\"1200\" height=\"599\" loading=\"lazy\"\/>        <\/p>\n<p>Une croissance spectaculaire<\/p>\n<p>Les chiffres publi\u00e9s par l&rsquo;ACEA, l&rsquo;association des constructeurs automobiles europ\u00e9ens, confirment la <b>mont\u00e9e en puissance de <a href=\"https:\/\/www.mac4ever.com\/auto\/192822-byd-en-perte-de-vitesse-qui-lui-est-passe-devant\" target=\"_blank\" rel=\"noopener\">BYD<\/a><\/b> sur le Vieux Continent. En novembre, le constructeur chinois a enregistr\u00e9 16 158 immatriculations dans l&rsquo;Union europ\u00e9enne, contre 4 821 un an plus t\u00f4t. En incluant le Royaume-Uni, la Norv\u00e8ge, la Suisse, l&rsquo;Islande et le Liechtenstein, les ventes ont plus que tripl\u00e9 pour atteindre 21 133 v\u00e9hicules.<\/p>\n<p>Sur les onze premiers mois de 2025, BYD a \u00e9coul\u00e9 159 869 v\u00e9hicules en Europe, affichant une croissance de 276 %. C&rsquo;est \u00e9videmment bien loin des 3 263 542 v\u00e9hicules de <a href=\"https:\/\/www.mac4ever.com\/auto\/187026-volkswagen-id-1-une-voiture-electrique-a-20-000-prevue-pour-2027\" target=\"_blank\" rel=\"noopener\">Volkswagen<\/a>, mais le <b>rythme de progression est sans commune mesure<\/b> avec les 4,6 % de croissance du g\u00e9ant allemand. \u00c0 titre de comparaison, Tesla a vendu 203 382 v\u00e9hicules sur la m\u00eame p\u00e9riode, mais avec des ventes en recul de 28 %.<\/p>\n<p>                                                                                                                                                        <img decoding=\"async\" src=\"https:\/\/www.europesays.com\/fr\/wp-content\/uploads\/2025\/12\/92701280e0_byd-resultats.webp.webp\" alt=\"BYD triple ses ventes en Europe et se rapproche de Tesla\" width=\"1010\" height=\"650\" loading=\"lazy\"\/>        <\/p>\n<p>Le Seal U en t\u00eate des ventes<\/p>\n<p>BYD profite notamment du succ\u00e8s de son Seal U, un SUV hybride rechargeable qui domine les ventes de sa cat\u00e9gorie en Europe avec <b>63 127 unit\u00e9s \u00e9coul\u00e9es depuis janvier<\/b>. Ce mod\u00e8le \u00e0 lui seul repr\u00e9sente une bonne partie de la progression de la marque, et montre une partie de la strat\u00e9gie de BYD\u00a0: proposer des v\u00e9hicules \u00e9lectriques et hybrides \u00e0 des prix comp\u00e9titifs.<\/p>\n<p>La marque chinoise a vu sa part de march\u00e9 passer de 0,6 % \u00e0 2 % en un an, se rapprochant d\u00e9sormais des 2,1 % de <a href=\"https:\/\/www.mac4ever.com\/auto\/188361-tesla-une-chute-des-ventes-a-relativiser-la-renault-5-toujours-en-tete\" target=\"_blank\" rel=\"noopener\">Tesla<\/a>. L&rsquo;\u00e9cart entre les deux constructeurs se r\u00e9duit mois apr\u00e8s mois, m\u00eame s&rsquo;il est toujours <b>difficile de comparer<\/b> une marque qui ne vend que des v\u00e9hicules \u00e9lectriques, Tesla, et une marque qui produit aussi des hybrides.<\/p>\n<p>                                                                                                                                                        <img decoding=\"async\" src=\"https:\/\/www.europesays.com\/fr\/wp-content\/uploads\/2025\/12\/537a81e267_byd-attaque-37-influenceurs-pour-diffamation-en-ligne.webp.webp\" alt=\"BYD triple ses ventes en Europe et se rapproche de Tesla\" width=\"1200\" height=\"800\" loading=\"lazy\"\/>        <\/p>\n<p>Un march\u00e9 \u00e9lectrique en croissance<\/p>\n<p>Le contexte g\u00e9n\u00e9ral reste favorable aux v\u00e9hicules \u00e9lectriques. Selon l&rsquo;ACEA, les ventes de voitures 100 % \u00e9lectriques ont <b>progress\u00e9 de 44 %<\/b> en novembre dans l&rsquo;Union europ\u00e9enne. Les hybrides rechargeables affichent \u00e9galement une hausse de 38 %. Le march\u00e9 automobile europ\u00e9en dans son ensemble a progress\u00e9 de 2,1 % en novembre, avec 887 491 immatriculations.<\/p>\n<p>L&rsquo;Allemagne tire le march\u00e9 vers le haut avec une progression de 2,5 %, alors que la France recule l\u00e9g\u00e8rement de 0,3 % et que l&rsquo;Italie stagne. Dans ce contexte, BYD <b>tire clairement son \u00e9pingle du jeu<\/b> en surfant sur la demande croissante pour les v\u00e9hicules \u00e9lectrifi\u00e9s.<\/p>\n<p>        On en dit quoi\u00a0?<\/p>\n<p>Il faut bien constater que BYD s&rsquo;installe durablement en Europe. La marque chinoise n&rsquo;est plus un outsider, mais un <b>concurrent s\u00e9rieux pour les constructeurs bien \u00e9tablis<\/b>. Reste \u00e0 voir comment les constructeurs europ\u00e9ens, mais aussi Tesla, vont r\u00e9agir face \u00e0 cette offensive.<\/p>\n","protected":false},"excerpt":{"rendered":"Le constructeur chinois BYD affiche une croissance de 276 % sur les onze premiers mois de l&rsquo;ann\u00e9e en&hellip;\n","protected":false},"author":2,"featured_media":619950,"comment_status":"","ping_status":"","sticky":false,"template":"","format":"standard","meta":{"footnotes":""},"categories":[1586],"tags":[11,15191,1777,674,1011,27,12,25],"class_list":{"0":"post-619949","1":"post","2":"type-post","3":"status-publish","4":"format-standard","5":"has-post-thumbnail","7":"category-europe","8":"tag-actualites","9":"tag-byd","10":"tag-eu","11":"tag-europe","12":"tag-fr","13":"tag-france","14":"tag-news","15":"tag-republique-francaise"},"share_on_mastodon":{"url":"https:\/\/pubeurope.com\/@fr\/115774731705667211","error":""},"_links":{"self":[{"href":"https:\/\/www.europesays.com\/fr\/wp-json\/wp\/v2\/posts\/619949","targetHints":{"allow":["GET"]}}],"collection":[{"href":"https:\/\/www.europesays.com\/fr\/wp-json\/wp\/v2\/posts"}],"about":[{"href":"https:\/\/www.europesays.com\/fr\/wp-json\/wp\/v2\/types\/post"}],"author":[{"embeddable":true,"href":"https:\/\/www.europesays.com\/fr\/wp-json\/wp\/v2\/users\/2"}],"replies":[{"embeddable":true,"href":"https:\/\/www.europesays.com\/fr\/wp-json\/wp\/v2\/comments?post=619949"}],"version-history":[{"count":0,"href":"https:\/\/www.europesays.com\/fr\/wp-json\/wp\/v2\/posts\/619949\/revisions"}],"wp:featuredmedia":[{"embeddable":true,"href":"https:\/\/www.europesays.com\/fr\/wp-json\/wp\/v2\/media\/619950"}],"wp:attachment":[{"href":"https:\/\/www.europesays.com\/fr\/wp-json\/wp\/v2\/media?parent=619949"}],"wp:term":[{"taxonomy":"category","embeddable":true,"href":"https:\/\/www.europesays.com\/fr\/wp-json\/wp\/v2\/categories?post=619949"},{"taxonomy":"post_tag","embeddable":true,"href":"https:\/\/www.europesays.com\/fr\/wp-json\/wp\/v2\/tags?post=619949"}],"curies":[{"name":"wp","href":"https:\/\/api.w.org\/{rel}","templated":true}]}}